{"id":367289,"date":"2025-05-16T08:19:08","date_gmt":"2025-05-16T14:19:08","guid":{"rendered":"https:\/\/www.elplaneta.mx\/?p=367289"},"modified":"2025-05-16T08:19:11","modified_gmt":"2025-05-16T14:19:11","slug":"entre-renuncias-y-nombramientos","status":"publish","type":"post","link":"https:\/\/www.elplaneta.mx\/?p=367289","title":{"rendered":"Entre renuncias y nombramientos"},"content":{"rendered":"\n<p>Por: Gricelda Guerra Romero<\/p>\n\n\n\n<p>Ante las versiones que daban por hecho de que al mandatario de Tamaulipas Am\u00e9rico Villarreal Anaya, las autoridades estadounidenses le hab\u00edan aplicado la misma que a la gobernadora de Baja California Marina del Pilar, a la que le fue revocada su visa, incluso detractores del morenista andaban muy contentos, pues esa celebraci\u00f3n la echo abajo el mismo Villarreal Anaya, al ser abordado en el evento de salud, que se realiz\u00f3 en el Puerto de Tampico este mi\u00e9rcoles, donde dejo claro que nada de esto sucedi\u00f3.<\/p>\n\n\n\n<p>Ah\u00ed el mandatario lo dejo muy claro que \u00e9l no ha recibido ninguna notificaci\u00f3n, por parte del gobierno de los Estados Unidos sobre una presunta revocaci\u00f3n de visa, desmintiendo categ\u00f3ricamente lo publicado en redes sociales.<\/p>\n\n\n\n<p>Lo cierto es que, hasta el momento ninguna autoridad de los Estados Unidos ha confirmado que fue efectiva la revocaci\u00f3n de visa, por lo que todo indica que fueron meros chismes, de quienes buscan afectar la imagen del mandatario de Tamaulipas.<\/p>\n\n\n\n<p>En tanto este jueves trascendi\u00f3 la renuncia de Jorge Cuellar Montoya, como Secretariado Ejecutivo del Sistema Estatal de Seguridad Publica, vocero del Gobierno de Tamaulipas, quien cierra asi su ciclo en la funci\u00f3n p\u00fablica.<\/p>\n\n\n\n<p>En su renuncia el ahora ex funcionario dio las gracias al gobernador Am\u00e9rico Villarreal por la confianza depositada, asegurando que se retira con la conciencia del deber cumplido, en una de las tareas m\u00e1s delicadas en el estado que es el tema de seguridad.<\/p>\n\n\n\n<p>Mientras unos salen otros entran, como sucedi\u00f3 este jueves con el nombramiento que le fuera otorgado al ex Director Estatal de la Dgeti en Tamaulipas, Samuel Alcantar Varela, como nuevo titular de la Unidad Ejecutiva de la Secretaria de Educaci\u00f3n en Tamaulipas.<\/p>\n\n\n\n<p>Pues bien, el originario de la fronteriza ciudad de Matamoros, contador p\u00fablico de profesi\u00f3n, egresado del Instituto Tecnol\u00f3gico es uno de los cambios destacados que se realizan al interior de la Secretaria de Educaci\u00f3n, tras la salida de Lucia Aim\u00e9 Castillo Pastor.<\/p>\n\n\n\n<p>En tanto, dentro de los cambios que se realizan en las Oficinas Fiscales del Estado, no todos fueron tomados con agrado, como sucedi\u00f3 en Reynosa, donde en cuanto trascendi\u00f3 que Humberto Valdez ir\u00eda a la Oficina Fiscal, hubo m\u00e1s de uno que hizo muecas, ante la inesperada llegada del priista muy allegado al ex gobernador Tomas Yarrington, sobre todo de morenistas que no est\u00e1n de acuerdo de ceder este valioso espacio a semejante personaje.<\/p>\n\n\n\n<p>Y es que estos nombramientos han sido muy peleados por militantes morenistas, algunos de ellos personajes que no suman a Morena, sino todo lo contrario, ya que se han dedicado a causar conflictos y pol\u00e9micas al no cumpl\u00edrseles sus caprichos y demandas.<\/p>\n\n\n\n<p>Por otro lado, quien se auto descart\u00f3, por el momento, para buscar la gubernatura de Tamaulipas es el diputado federal Carlos Canturosas Villarreal, quien asegura que ni busca, ni le interesa participar en el proceso del 2028, y como todo buen pol\u00edtico, se dice interesado en servir a Tamaulipas y mantener una buena relaci\u00f3n con los alcaldes, y por supuesto con el gobernador Am\u00e9rico Villarreal.<\/p>\n\n\n\n<p>Pero para que no lo ubiquen como uno de los acelerados, el diputado federal lo niega todo y enfatiza que ni acelerado, que ni adelantado, asi que por lo pronto pues no le interesa formar parte de la encuesta de Morena a la gubernatura, ya que lo \u00fanico que le interesa por el momento es seguir cumpliendo con su funci\u00f3n como legislador \u00bfSera?<\/p>\n","protected":false},"excerpt":{"rendered":"<p>Por: Gricelda Guerra Romero Ante las versiones que daban por hecho de que al mandatario&#8230;<\/p>\n","protected":false},"author":1,"featured_media":0,"comment_status":"closed","ping_status":"closed","sticky":false,"template":"","format":"standard","meta":{"footnotes":""},"categories":[5],"tags":[],"class_list":["post-367289","post","type-post","status-publish","format-standard","hentry","category-opinion"],"gutentor_comment":0,"_links":{"self":[{"href":"https:\/\/www.elplaneta.mx\/index.php?rest_route=\/wp\/v2\/posts\/367289","targetHints":{"allow":["GET"]}}],"collection":[{"href":"https:\/\/www.elplaneta.mx\/index.php?rest_route=\/wp\/v2\/posts"}],"about":[{"href":"https:\/\/www.elplaneta.mx\/index.php?rest_route=\/wp\/v2\/types\/post"}],"author":[{"embeddable":true,"href":"https:\/\/www.elplaneta.mx\/index.php?rest_route=\/wp\/v2\/users\/1"}],"replies":[{"embeddable":true,"href":"https:\/\/www.elplaneta.mx\/index.php?rest_route=%2Fwp%2Fv2%2Fcomments&post=367289"}],"version-history":[{"count":2,"href":"https:\/\/www.elplaneta.mx\/index.php?rest_route=\/wp\/v2\/posts\/367289\/revisions"}],"predecessor-version":[{"id":367291,"href":"https:\/\/www.elplaneta.mx\/index.php?rest_route=\/wp\/v2\/posts\/367289\/revisions\/367291"}],"wp:attachment":[{"href":"https:\/\/www.elplaneta.mx\/index.php?rest_route=%2Fwp%2Fv2%2Fmedia&parent=367289"}],"wp:term":[{"taxonomy":"category","embeddable":true,"href":"https:\/\/www.elplaneta.mx\/index.php?rest_route=%2Fwp%2Fv2%2Fcategories&post=367289"},{"taxonomy":"post_tag","embeddable":true,"href":"https:\/\/www.elplaneta.mx\/index.php?rest_route=%2Fwp%2Fv2%2Ftags&post=367289"}],"curies":[{"name":"wp","href":"https:\/\/api.w.org\/{rel}","templated":true}]}}