{"id":367329,"date":"2025-05-16T10:08:57","date_gmt":"2025-05-16T16:08:57","guid":{"rendered":"https:\/\/www.elplaneta.mx\/?p=367329"},"modified":"2025-05-16T10:09:01","modified_gmt":"2025-05-16T16:09:01","slug":"saco-su-veinte","status":"publish","type":"post","link":"https:\/\/www.elplaneta.mx\/?p=367329","title":{"rendered":"Sac\u00f3 su veinte"},"content":{"rendered":"\n<p>Por Felipe Mart\u00ednez Ch\u00e1vez<\/p>\n\n\n\n<p>Cd. Victoria, Tamaulipas.- Menos mal que el diputado Carlos Canturosas, cuya chambita le debe a Am\u00e9rico Villarreal, desminti\u00f3 aceleres y aspire a la sucesi\u00f3n gubernamental del 2028.<\/p>\n\n\n\n<p>Mal har\u00eda en no reconocer el liderazgo de Am\u00e9rico, el que lo propuso y \u201cpalome\u00f3\u201d para diputado cuando era un apestado del cabecismo, refugiado en el lado gringo y con cuatro \u00f3rdenes de aprehensi\u00f3n. Si por lo menos tiene la cualidad de no morder la mano que le da de comer, es ganancia.<\/p>\n\n\n\n<p>\u00bfYa super\u00f3 las \u00f3rdenes de aprehensi\u00f3n por diversos delitos de cuando fue alcalde? Estaba fuera del pa\u00eds, huyendo, temeroso de ir a la c\u00e1rcel. Nadie daba un cacahuate por \u00e9l. No ten\u00eda relaci\u00f3n con el establo Moreno, de perdido simpat\u00eda para que lo hicieran regidor.<\/p>\n\n\n\n<p>Lo menos que puede hacer es apoyar la soluci\u00f3n -gubernamental- que venga de Palacio, sumarse incondicionalmente. Es el \u00faltimo del que Am\u00e9rico tendr\u00eda que decir: \u201cT\u00fa tambi\u00e9n, Bruto\u201d en alusi\u00f3n a la traici\u00f3n del hijo putativo Marco Junio para asesinar a su padre Julio C\u00e9sar.<\/p>\n\n\n\n<p>Compromiso similar de la hermana luego de ser \u201cpalomeada\u201d por un segundo periodo para la alcald\u00eda. La prolongaci\u00f3n del poder desgasta y envilece. El respetable quiere cambios y no siempre las mismas caras y mulas de siempre.<\/p>\n\n\n\n<p>El par estar\u00eda fuera de la contienda. Carecen de relaciones en el centro, agarraderas en el partido y ba\u00f1os de pueblo en territorio. En sur nadie sabe qui\u00e9nes son los Canturosas y menos qu\u00e9 hicieron en Nuevo Laredo.<\/p>\n\n\n\n<p>Por datos que tenemos a la vista, Carlos fue alcalde entre 2013-2016, antes que llegara Cabeza de Vaca. Es algo que deber\u00e1 explicar ante la ciudan\u00eda en cuanto a la presunta persecuci\u00f3n.<\/p>\n\n\n\n<p>En la cuenta p\u00fablica 2014 del DIF Nuevo Laredo, Canturosas sali\u00f3 con pendientitos por 15.8 millones de pesos que nunca se aclararon.<\/p>\n\n\n\n<p>No hab\u00eda llegado Jorge Espino Ascanio a la Auditor\u00eda Superior, pero en la cuenta 2015 del ayuntamiento \u201cfaltaron\u201d comprobantes por 316 milloncillos que al final lo llevaron ante la Fiscal\u00eda. Saldos negativos en el DIF y Comapa por 4.3&nbsp; millones.<\/p>\n\n\n\n<p>Ya con Ascanio, cuenta 2016, a Don Carlos le falt\u00f3 comprobar 349 millones en 111 observaciones. Fue donde aparecieron 40 empresas factureras con una cifra de 47 melones.<\/p>\n\n\n\n<p>Y vinieron las \u00f3rdenes de aprehensi\u00f3n. Expediente 1790\/2018, del 14 noviembre del 2018, por operaciones con recursos de procedencia il\u00edcita, y la segunda 1042\/18, del 6 septiembre. Cuatro en total.<\/p>\n\n\n\n<p>Con todo respeto, es algo que solo \u00e9l debe explicar a los tamaulipecos. Convocar a los periodistas para que lo trasmitan a la ciudadan\u00eda. Pudo efectivamente ser objeto de persecuci\u00f3n por parte de su excompa\u00f1ero de partido Francisco Cabeza de Vaca.<\/p>\n\n\n\n<p>Mientras nadie sepa la verdad -aunque sea su verdad- nadie estar\u00e1 dispuesto a meter las manos al fuego por \u00e9l, menos los periodistas.<\/p>\n\n\n\n<p>Nos quedamos con la versi\u00f3n, como real, que el 4 de julio de 2021 la Interpol emiti\u00f3 ficha roja en contra de CCR seg\u00fan el n\u00famero 2\/5\/\/6\/2019 por operaciones simuladas con empresas factureras.<\/p>\n\n\n\n<p>Tema aparte, el TRIELTAM volvi\u00f3 a corregir al Instituto Electoral, en particular a su secretario Juan de Dios Alvarez, asunto Tania Contreras L\u00f3pez, difamada por la p\u00e1gina de noticias C\u00f3digo Magenta, Magenta Multimedia S.A.P.I. y el periodista Rodrigo Carbajal.<\/p>\n\n\n\n<p>Los magistrados ordenaron incluir en el juicio la calumnia en que los acusados incurrieron contra Tania. Alvarez \u201cdesech\u00f3 indebidamente la queja respecto a la infracci\u00f3n de calumnia, sin valorar el contexto en que se presentaron los hechos\u201d. Les dieron 24 horas para corregir.<\/p>\n\n\n\n<p>Van dos que gana y con seguridad la tercera en conta del peri\u00f3dico El Universal y el columnista H\u00e9ctor de Maule\u00f3n.<\/p>\n\n\n\n<p>Y se nos fue el m\u00e1s insigne y culto secretario Ejecutivo del Sistema de Seguridad P\u00fablica que hayamos tenido en Tamaulipas, el doctor Jorge Cu\u00e9llar Montoya, oriundo de Matamoros pero radicado en Monterrey, donde en 2024 fue distinguido como \u201cuno de los mejores 44 alumnos\u201d que ha tenido la UANL.<\/p>\n\n\n\n<p>Doctor en Filosof\u00eda por la Universidad de Cuba, fue Rector de la Universidad Jos\u00e9 Mart\u00ed de Latinoam\u00e9rica.<\/p>\n\n\n\n<p>En el D\u00eda del Maestro, el Gobernador Am\u00e9rico Villarreal presidi\u00f3 los eventos alusivos, entre ellos la entronizaci\u00f3n de dos maestras a la Galer\u00eda de Honor del Magisterio Tamaulipeco: Las doctoras Mar\u00eda de Jes\u00fas Lara y Lucila Olvera, galardonadas con la Medalla Lauro Aguirre.<\/p>\n\n\n\n<p>En la UAT, el Rector D\u00e1maso Anaya Alvarado presidi\u00f3 igual los festejos a las maestras y maestros de los diferentes campus. Estuvo acompa\u00f1ado de su esposa Isolda Rend\u00f3n de Anaya y directivos del Sindicato Unico de Trabajadores Acad\u00e9micos (SUTAUAT).<\/p>\n\n\n\n<p>Destac\u00f3 el Rector que \u201cel trabajo de la planta docente en el aula, la investigaci\u00f3n y la vinculaci\u00f3n son parte fundamental en el objetivo y desarrollo de esta casa de estudios\u201d.<\/p>\n","protected":false},"excerpt":{"rendered":"<p>Por Felipe Mart\u00ednez Ch\u00e1vez Cd. Victoria, Tamaulipas.- Menos mal que el diputado Carlos Canturosas, cuya&#8230;<\/p>\n","protected":false},"author":1,"featured_media":0,"comment_status":"closed","ping_status":"closed","sticky":false,"template":"","format":"standard","meta":{"footnotes":""},"categories":[5],"tags":[],"class_list":["post-367329","post","type-post","status-publish","format-standard","hentry","category-opinion"],"gutentor_comment":0,"_links":{"self":[{"href":"https:\/\/www.elplaneta.mx\/index.php?rest_route=\/wp\/v2\/posts\/367329","targetHints":{"allow":["GET"]}}],"collection":[{"href":"https:\/\/www.elplaneta.mx\/index.php?rest_route=\/wp\/v2\/posts"}],"about":[{"href":"https:\/\/www.elplaneta.mx\/index.php?rest_route=\/wp\/v2\/types\/post"}],"author":[{"embeddable":true,"href":"https:\/\/www.elplaneta.mx\/index.php?rest_route=\/wp\/v2\/users\/1"}],"replies":[{"embeddable":true,"href":"https:\/\/www.elplaneta.mx\/index.php?rest_route=%2Fwp%2Fv2%2Fcomments&post=367329"}],"version-history":[{"count":2,"href":"https:\/\/www.elplaneta.mx\/index.php?rest_route=\/wp\/v2\/posts\/367329\/revisions"}],"predecessor-version":[{"id":367331,"href":"https:\/\/www.elplaneta.mx\/index.php?rest_route=\/wp\/v2\/posts\/367329\/revisions\/367331"}],"wp:attachment":[{"href":"https:\/\/www.elplaneta.mx\/index.php?rest_route=%2Fwp%2Fv2%2Fmedia&parent=367329"}],"wp:term":[{"taxonomy":"category","embeddable":true,"href":"https:\/\/www.elplaneta.mx\/index.php?rest_route=%2Fwp%2Fv2%2Fcategories&post=367329"},{"taxonomy":"post_tag","embeddable":true,"href":"https:\/\/www.elplaneta.mx\/index.php?rest_route=%2Fwp%2Fv2%2Ftags&post=367329"}],"curies":[{"name":"wp","href":"https:\/\/api.w.org\/{rel}","templated":true}]}}