{"id":367852,"date":"2025-05-25T14:49:44","date_gmt":"2025-05-25T20:49:44","guid":{"rendered":"https:\/\/www.elplaneta.mx\/?p=367852"},"modified":"2025-05-25T14:49:48","modified_gmt":"2025-05-25T20:49:48","slug":"apagon-afecta-sureste-de-francia-y-paraliza-el-festival-de-cannes","status":"publish","type":"post","link":"https:\/\/www.elplaneta.mx\/?p=367852","title":{"rendered":"Apag\u00f3n afecta sureste de Francia, y paraliza el Festival de Cannes"},"content":{"rendered":"<div class=\"wp-block-image\">\n<figure class=\"alignleft size-full\"><img decoding=\"async\" src=\"https:\/\/www.elplaneta.mx\/wp-content\/themes\/elplaneta\/FOTOS\/25F3546784765.jpg\" alt=\"\" class=\"wp-image-367853\" \/><figcaption class=\"wp-element-caption\">Sem\u00e1foros sin operar durante un apag\u00f3n en Cannes, Francia, el 24 de mayo de 2025. (AP Foto\/Lewis Joly)<\/figcaption><\/figure><\/div>\n\n\n<p>Paris, Francia, Europa.- Un importante corte de energ\u00eda afect\u00f3 el sureste de Francia el s\u00e1bado por la ma\u00f1ana, interrumpiendo el tr\u00e1fico y deteniendo brevemente los eventos en el Festival de Cine de Cannes mientras el prestigioso evento se preparaba para entregar su m\u00e1ximo galard\u00f3n.<\/p>\n\n\n\n<p>La luz regres\u00f3 alrededor de las 3:00 de la madrugada, cuando la m\u00fasica comenz\u00f3 a sonar nuevamente desde los altavoces de la playa. El final del apag\u00f3n fue recibido con fuertes v\u00edtores de los locales.<\/p>\n\n\n\n<p>Aproximadamente 160 mil hogares en el departamento de Alpes-Maritimes se quedaron sin electricidad despu\u00e9s de que una l\u00ednea de alta tensi\u00f3n se cay\u00f3 en la ma\u00f1ana del s\u00e1bado, inform\u00f3 el operador de la red el\u00e9ctrica RTE en X.<\/p>\n\n\n\n<p>El corte se produjo horas despu\u00e9s de que un incendio en una subestaci\u00f3n el\u00e9ctrica cerca de Cannes durante la noche debilit\u00f3 la red.<\/p>\n\n\n\n<p>La polic\u00eda ha abierto una investigaci\u00f3n sobre la causa del incendio.<\/p>\n\n\n\n<p>\u201cEstamos investigando la probabilidad de que el incendio haya sido iniciado deliberadamente\u201d, dijo un portavoz de la gendarmer\u00eda nacional francesa.<\/p>\n\n\n\n<p>Los organizadores del Festival de Cine de Cannes confirmaron que el corte afect\u00f3 las actividades tempranas del s\u00e1bado y dijeron que el Palais des Festivals \u2014el principal recinto de la Croisette\u2014 recurri\u00f3 a un suministro de energ\u00eda independiente.<\/p>\n\n\n\n<p>\u201cTodos los eventos y proyecciones programados, incluida la Ceremonia de Clausura, se llevar\u00e1n a cabo seg\u00fan lo planeado y en condiciones normales\u201d, dec\u00eda el comunicado.<\/p>\n\n\n\n<p>\u201cEn este momento, la causa del corte a\u00fan no ha sido identificada. Los esfuerzos de restauraci\u00f3n est\u00e1n en marcha.\u201d<\/p>\n\n\n\n<p>Los sem\u00e1foros en partes de Cannes y la ciudad circundante de Antibes dejaron de funcionar despu\u00e9s de las 10:00 de la ma\u00f1ana, lo que provoc\u00f3 atascos de tr\u00e1fico y confusi\u00f3n en los centros de las ciudades.<\/p>\n\n\n\n<p>La mayor\u00eda de las tiendas a lo largo de la Croisette permanecieron cerradas, y los quioscos de comida local solo aceptaban efectivo. El servicio de trenes en Cannes tambi\u00e9n se vio interrumpido.<\/p>\n\n\n\n<p>Aun as\u00ed, las proyecciones en el Cineum, uno de los lugares sat\u00e9lite del festival, fueron suspendidas brevemente, agreg\u00f3 el festival.<\/p>\n","protected":false},"excerpt":{"rendered":"<p>Paris, Francia, Europa.- Un importante corte de energ\u00eda afect\u00f3 el sureste de Francia el s\u00e1bado&#8230;<\/p>\n","protected":false},"author":1,"featured_media":0,"comment_status":"open","ping_status":"open","sticky":false,"template":"","format":"standard","meta":{"footnotes":""},"categories":[4],"tags":[],"class_list":["post-367852","post","type-post","status-publish","format-standard","hentry","category-local"],"gutentor_comment":0,"_links":{"self":[{"href":"https:\/\/www.elplaneta.mx\/index.php?rest_route=\/wp\/v2\/posts\/367852","targetHints":{"allow":["GET"]}}],"collection":[{"href":"https:\/\/www.elplaneta.mx\/index.php?rest_route=\/wp\/v2\/posts"}],"about":[{"href":"https:\/\/www.elplaneta.mx\/index.php?rest_route=\/wp\/v2\/types\/post"}],"author":[{"embeddable":true,"href":"https:\/\/www.elplaneta.mx\/index.php?rest_route=\/wp\/v2\/users\/1"}],"replies":[{"embeddable":true,"href":"https:\/\/www.elplaneta.mx\/index.php?rest_route=%2Fwp%2Fv2%2Fcomments&post=367852"}],"version-history":[{"count":1,"href":"https:\/\/www.elplaneta.mx\/index.php?rest_route=\/wp\/v2\/posts\/367852\/revisions"}],"predecessor-version":[{"id":367854,"href":"https:\/\/www.elplaneta.mx\/index.php?rest_route=\/wp\/v2\/posts\/367852\/revisions\/367854"}],"wp:attachment":[{"href":"https:\/\/www.elplaneta.mx\/index.php?rest_route=%2Fwp%2Fv2%2Fmedia&parent=367852"}],"wp:term":[{"taxonomy":"category","embeddable":true,"href":"https:\/\/www.elplaneta.mx\/index.php?rest_route=%2Fwp%2Fv2%2Fcategories&post=367852"},{"taxonomy":"post_tag","embeddable":true,"href":"https:\/\/www.elplaneta.mx\/index.php?rest_route=%2Fwp%2Fv2%2Ftags&post=367852"}],"curies":[{"name":"wp","href":"https:\/\/api.w.org\/{rel}","templated":true}]}}