{"id":367908,"date":"2025-05-27T10:00:23","date_gmt":"2025-05-27T16:00:23","guid":{"rendered":"https:\/\/www.elplaneta.mx\/?p=367908"},"modified":"2025-05-27T10:00:29","modified_gmt":"2025-05-27T16:00:29","slug":"islas-salvajes-alberga-la-colonia-de-pardelas-mas-grande-del-atlantico","status":"publish","type":"post","link":"https:\/\/www.elplaneta.mx\/?p=367908","title":{"rendered":"Islas Salvajes, alberga la colonia de pardelas m\u00e1s grande del Atl\u00e1ntico"},"content":{"rendered":"<div class=\"wp-block-image\">\n<figure class=\"alignleft size-full\"><img decoding=\"async\" src=\"https:\/\/www.elplaneta.mx\/wp-content\/themes\/elplaneta\/FOTOS\/27I353467834644.jpg\" alt=\"\" class=\"wp-image-367909\" \/><\/figure><\/div>\n\n\n<p>Casa Guardi\u00e1n, Salvaje Madera Grande, Islas Salvajes, \u00c1frica.- Las Islas Salvajes, en el archipi\u00e9lago de Madeira, albergan la mayor colonia de pardelas del Atl\u00e1ntico, con alrededor de 39 mil parejas en una sola isla, seg\u00fan un estudio coordinado por investigadores portugueses, que indica que la tasa de crecimiento anual es del 1,45%.<\/p>\n\n\n\n<p>\u201cEs interesante notar que el n\u00famero de nidos ha aumentado m\u00e1s r\u00e1pidamente en \u00e1reas donde ha habido una expansi\u00f3n de la cobertura arbustiva, bajo la cual las pardelas pueden anidar, lo que es resultado de la recuperaci\u00f3n de la vegetaci\u00f3n en Selvagem Grande, luego de la erradicaci\u00f3n de conejos y ratones en 2002\u201d, dice Paulo Catry.<\/p>\n\n\n\n<p>El investigador del MARE (Centro de Ciencias Marinas y Ambientales, de Ispa \u2013 Instituto Universitario), es uno de los coordinadores del estudio, junto con Jos\u00e9 Pedro Granadeiro, del Centro de Ecolog\u00eda, Evoluci\u00f3n y Cambios Ambientales (CE3C), de la Facultad de Ciencias de la Universidad de Lisboa.<\/p>\n\n\n\n<p>El estudio, publicado por la Universidad de Cambridge en Reino Unido el 20 de enero, revela que la poblaci\u00f3n de pardelas (Calonectris borealis) en las Salvajes ha crecido a una tasa anual del 1,45% desde 2009.<\/p>\n\n\n\n<p>Seg\u00fan los investigadores, las pardelas, como la mayor\u00eda de las aves pel\u00e1gicas, se enfrentan a varias amenazas, entre ellas la captura accidental en artes de pesca, la colisi\u00f3n con fuentes de contaminaci\u00f3n lum\u00ednica, los depredadores introducidos en las islas, la contaminaci\u00f3n marina, principalmente por pl\u00e1sticos, y la disminuci\u00f3n de la productividad de los oc\u00e9anos vinculada al cambio clim\u00e1tico.<\/p>\n\n\n\n<p>Sin embargo, a pesar de las amenazas, \u201cel crecimiento de esta importante poblaci\u00f3n de pardelas revela que los esfuerzos de conservaci\u00f3n realizados, en particular la protecci\u00f3n integral de las aves salvajes y su gesti\u00f3n por parte del Instituto Forestal y de Conservaci\u00f3n de la Naturaleza de Madeira, han tenido impactos muy positivos\u201d, destaca Paulo Catry.<\/p>\n\n\n<div class=\"wp-block-image\">\n<figure class=\"alignright size-full\"><img decoding=\"async\" src=\"https:\/\/www.elplaneta.mx\/wp-content\/themes\/elplaneta\/FOTOS\/27I4674864675.jpg\" alt=\"\" class=\"wp-image-367910\" \/><\/figure><\/div>\n\n\n<p>Las Selvagens, un subarchipi\u00e9lago de Madeira situado a unos 300 kil\u00f3metros al sur de Funchal, compuesto por dos islas principales y varios islotes, constituye el territorio m\u00e1s meridional de Portugal, habiendo sido clasificado como reserva natural en 1971.<\/p>\n\n\n\n<p>En marzo de 2022, la reserva se ampli\u00f3 de 92 a 2.677 kil\u00f3metros cuadrados, en un \u00e1rea de 12 millas n\u00e1uticas alrededor de las islas, en la que est\u00e1 prohibida la pesca y cualquier otra actividad extractiva, convirti\u00e9ndose en la mayor \u00e1rea marina con plena protecci\u00f3n del Atl\u00e1ntico Norte.<\/p>\n\n\n\n<p>Sin embargo, en julio de 2024, la Secretar\u00eda Regional de Agricultura, Pesca y Medio Ambiente revel\u00f3 que hab\u00eda autorizado temporalmente la captura de pez barrilete en la reserva con fines de investigaci\u00f3n y monitoreo de la especie.<\/p>\n\n\n\n<p>(Islas Salvajes, es un territorio en \u00c1frica, dependiente de Madeira)<\/p>\n","protected":false},"excerpt":{"rendered":"<p>Casa Guardi\u00e1n, Salvaje Madera Grande, Islas Salvajes, \u00c1frica.- Las Islas Salvajes, en el archipi\u00e9lago de&#8230;<\/p>\n","protected":false},"author":1,"featured_media":0,"comment_status":"open","ping_status":"open","sticky":false,"template":"","format":"standard","meta":{"footnotes":""},"categories":[4],"tags":[],"class_list":["post-367908","post","type-post","status-publish","format-standard","hentry","category-local"],"gutentor_comment":0,"_links":{"self":[{"href":"https:\/\/www.elplaneta.mx\/index.php?rest_route=\/wp\/v2\/posts\/367908","targetHints":{"allow":["GET"]}}],"collection":[{"href":"https:\/\/www.elplaneta.mx\/index.php?rest_route=\/wp\/v2\/posts"}],"about":[{"href":"https:\/\/www.elplaneta.mx\/index.php?rest_route=\/wp\/v2\/types\/post"}],"author":[{"embeddable":true,"href":"https:\/\/www.elplaneta.mx\/index.php?rest_route=\/wp\/v2\/users\/1"}],"replies":[{"embeddable":true,"href":"https:\/\/www.elplaneta.mx\/index.php?rest_route=%2Fwp%2Fv2%2Fcomments&post=367908"}],"version-history":[{"count":1,"href":"https:\/\/www.elplaneta.mx\/index.php?rest_route=\/wp\/v2\/posts\/367908\/revisions"}],"predecessor-version":[{"id":367911,"href":"https:\/\/www.elplaneta.mx\/index.php?rest_route=\/wp\/v2\/posts\/367908\/revisions\/367911"}],"wp:attachment":[{"href":"https:\/\/www.elplaneta.mx\/index.php?rest_route=%2Fwp%2Fv2%2Fmedia&parent=367908"}],"wp:term":[{"taxonomy":"category","embeddable":true,"href":"https:\/\/www.elplaneta.mx\/index.php?rest_route=%2Fwp%2Fv2%2Fcategories&post=367908"},{"taxonomy":"post_tag","embeddable":true,"href":"https:\/\/www.elplaneta.mx\/index.php?rest_route=%2Fwp%2Fv2%2Ftags&post=367908"}],"curies":[{"name":"wp","href":"https:\/\/api.w.org\/{rel}","templated":true}]}}