{"id":367929,"date":"2025-05-27T11:46:47","date_gmt":"2025-05-27T17:46:47","guid":{"rendered":"https:\/\/www.elplaneta.mx\/?p=367929"},"modified":"2025-05-27T11:46:51","modified_gmt":"2025-05-27T17:46:51","slug":"vaca-carmona-los-bisnes","status":"publish","type":"post","link":"https:\/\/www.elplaneta.mx\/?p=367929","title":{"rendered":"Vaca-Carmona: Los \u201cbisnes\u201d"},"content":{"rendered":"\n<p>Por Felipe Mart\u00ednez Ch\u00e1vez<\/p>\n\n\n\n<p>Cd. Victoria, Tamaulipas.- El grupo Pan-cabecista sigue aventando lodo utilizando la memoria de un difunto, cuyas virtudes de benefactor pol\u00edtico y \u201chuachicolero\u201d le aparecieron al momento de perder la vida.<\/p>\n\n\n\n<p>No hay antecedente de \u00e9l en las fiscal\u00edas, alguna denuncia, de perdido una multa de tr\u00e1nsito, prueba que lo incrimine en delitos. Menos \u00f3rdenes de aprehensi\u00f3n (M\u00e9xico y Estados Unidos) \u00bfun fantasma?.<\/p>\n\n\n\n<p>Rumores, especulaciones, datos falsos inventados desde el war room de la oposici\u00f3n a Morena y difundidos por fieles y granjas de bots.<\/p>\n\n\n\n<p>Lo \u00fanico confirmado es que el gobierno panista hizo bisnes con los Carmona. Cuando se pelearon los hicieron demonios, los bautizaron como huachicoleros y enlodaron como c\u00f3mplices a sus enemigos morenos.<\/p>\n\n\n\n<p>Como tema de actualidad le dimos una revisada. Han vociferado p\u00e1ginas web \u201cpatito\u201d y medios nacionales, pero nada nuevo, los mismos datos trillados de un ex Gobernador que se dice perseguido pol\u00edtico.<\/p>\n\n\n\n<p>Tras la muerte de Carmona el 22 de noviembre de 2021 en San Pedro Garza Garc\u00eda, N.L., fue armada una historia perversa que se recicla intermitente para sacar raja pol\u00edtica y atacar al gobierno de Am\u00e9rico Villarreal. El panismo lo utiliza para enlodar.<\/p>\n\n\n\n<p>La verdad es que Carmona fue socio y aliado del clan cabecista, \u201ccarnalito\u201d como quien dice. Le abrieron la puerta a contratos millonarios.<\/p>\n\n\n\n<p>No creemos en redes sociales y a lo que publican los medios formales hay que ponerlo en tela de duda. Revisada fuentes originales.<\/p>\n\n\n\n<p>Mereci\u00f3 el primer bolet\u00edn del vocero de Seguridad, Willy Z\u00fa\u00f1iga. Par\u00f3 la versi\u00f3n que en la balacera de un restaurante sobre avenida Rotaria, los sicarios iban sobre una mujer llamada Perla Sharaza McDonald, viuda (\u00bfqui\u00e9n la conoce?) del \u201cfil\u00e1ntropo\u201d pol\u00edtico Sergio Carmona Angulo.<\/p>\n\n\n\n<p>\u201cLa afirmaci\u00f3n difundida es completamente falsa\u201d, dice el bolet\u00edn, y rechaz\u00f3 que dos elementos de la Guardia Estatal presentes en el negocio, \u201cest\u00e9n asignados como escoltas personales de cualquier particular\u201d.<\/p>\n\n\n\n<p>La cr\u00f3nica adjudica dos empresas (entre otras) al difunto, su hermano, sobrino y esposa, presuntamente hoy manejadas por ella, Grupo Industrial Joser y Grupo Industrial Permart.<\/p>\n\n\n\n<p>Por lo informaci\u00f3n oficial, p\u00e1ginas de transparencia, sabemos que las relaciones del presunto fueron con el PAN de Francisco Javier y no los morenos. El contratista preferido, el \u201cdedo chiquito\u201d. Llovi\u00f3 dinero.<\/p>\n\n\n\n<p>Una relaci\u00f3n estrecha \u00bfcomplicidad? de \u201ccarnales\u201d con el gobierno panista. Compromiso muy fuerte porque los de Reynosa no son almas de la caridad, llegaron sobre el billete.<\/p>\n\n\n\n<p>En los primeros tres a\u00f1os del cabecismo Carmona y sus empresas fueron consentidas con 91 contratos de servicios que se antojan fantasmas.<\/p>\n\n\n\n<p>\u00bfQui\u00e9n afirma que no financiaron la campa\u00f1a panista del 2016?. En 2017 le adjudicaron 24 contratos por 86 millones de pesos por conservaci\u00f3n y mantenimiento de edificios y equipo de la secretar\u00eda de Salud.<\/p>\n\n\n\n<p>Mejor les fue en 2018 cuando los contratos llegaron a 46 por obras de mantenimiento. Ejemplo, cinco contratos para la jurisdicci\u00f3n XI de Padilla por 5.9 millones, jurisdicci\u00f3n de Altamira, hospital Nuevo Laredo, Valle Hermoso, Reynosa. Se empacharon.<\/p>\n\n\n\n<p>Al 2019 le asignaron 21 contratos por 35.7 millones por los mismos conceptos. Uno de los m\u00e1s abultados, por m\u00e1s de 13 millones, por el Hospital de Reynosa.<\/p>\n\n\n\n<p>En las mismas fechas, para el grupo Joser hubo un contrato por 71.5 millones, por dotaci\u00f3n de equipo m\u00e9dico, firmado por el secretario de Administraci\u00f3n, Miguel Angel Villarreal Ongay, validado por el Gobernador Cabeza de Vaca y \u201crefrendado\u201d por el secretario General, C\u00e9sar Verastegui.<\/p>\n\n\n\n<p>Hacia 2020 segu\u00edan haciendo negocios. Hay un contrato por 1.9 millones por mantenimiento del Centro Oncol\u00f3gico de Tamaulipas, para ejecutarse entre el uno de enero y el 31 de marzo del 2020. Como representante de los Carmona firmaba Carlos Alejandro Romero Guerra.<\/p>\n\n\n\n<p>Y a Tamaulipas le sigue yendo bien con el gobierno de Am\u00e9rico. Sostuvo acuerdo en la Cdmx por el que Conagua invertir\u00e1 10 mil millones de pesos en el programa de Apoyo a Infraestructura Hidroagr\u00edcola. El 30 de mayo visitar\u00e1 Tamaulipas el titular de la Comisi\u00f3n, Efra\u00edn Morales L\u00f3pez, para detallar acciones de manera coordinada.<\/p>\n\n\n\n<p>En contra de lo que opina el panista Ismael \u201cnanito\u201d Garc\u00eda, el l\u00edder del Congreso, Humberto Prieto Herrera, invit\u00f3 a los ciudadanos salir a votar el uno de junio: \u201cSi un solo ciudadano sale a votar, esa voz representa un clamor que nunca antes en la historia de M\u00e9xico se hab\u00eda escuchado\u201d.<\/p>\n\n\n\n<p>Por la UAT, el Rector D\u00e1maso Anaya Alvarado asisti\u00f3 en Ensenada, B.C. a la reuni\u00f3n ordinaria del Consejo de Universidades e Instituciones Afines (CUPIA), de la cual fue nombrado Vicepresidente. En su mensaje destac\u00f3 que el nombramiento reafirma el compromiso de sumar esfuerzos y mantener una estrecha colaboraci\u00f3n institucional para fortalecer un sistema de educaci\u00f3n superior s\u00f3lido.<\/p>\n\n\n\n<p>En Victoria, el edil Eduardo Gatt\u00e1s B\u00e1ez sigue con la vara en alto. Dio el banderazo de arranque de inversiones 2025 que incluye 108 obras con presupuesto de 125 millones de pesos.<\/p>\n\n\n\n<p>No se lleva los aplausos solo: \u201cEsto es posible gracias al apoyo del Gobernador Am\u00e9rico Villarreal Anaya y la participaci\u00f3n de integrantes del Cabildo para seguir transformando Victoria\u201d, dijo en la colonia M\u00e9xico, donde comenz\u00f3 una pavimentaci\u00f3n que beneficiar\u00e1 a 8,500 vecinos.<\/p>\n","protected":false},"excerpt":{"rendered":"<p>Por Felipe Mart\u00ednez Ch\u00e1vez Cd. Victoria, Tamaulipas.- El grupo Pan-cabecista sigue aventando lodo utilizando la&#8230;<\/p>\n","protected":false},"author":1,"featured_media":0,"comment_status":"closed","ping_status":"closed","sticky":false,"template":"","format":"standard","meta":{"footnotes":""},"categories":[5],"tags":[],"class_list":["post-367929","post","type-post","status-publish","format-standard","hentry","category-opinion"],"gutentor_comment":0,"_links":{"self":[{"href":"https:\/\/www.elplaneta.mx\/index.php?rest_route=\/wp\/v2\/posts\/367929","targetHints":{"allow":["GET"]}}],"collection":[{"href":"https:\/\/www.elplaneta.mx\/index.php?rest_route=\/wp\/v2\/posts"}],"about":[{"href":"https:\/\/www.elplaneta.mx\/index.php?rest_route=\/wp\/v2\/types\/post"}],"author":[{"embeddable":true,"href":"https:\/\/www.elplaneta.mx\/index.php?rest_route=\/wp\/v2\/users\/1"}],"replies":[{"embeddable":true,"href":"https:\/\/www.elplaneta.mx\/index.php?rest_route=%2Fwp%2Fv2%2Fcomments&post=367929"}],"version-history":[{"count":2,"href":"https:\/\/www.elplaneta.mx\/index.php?rest_route=\/wp\/v2\/posts\/367929\/revisions"}],"predecessor-version":[{"id":367931,"href":"https:\/\/www.elplaneta.mx\/index.php?rest_route=\/wp\/v2\/posts\/367929\/revisions\/367931"}],"wp:attachment":[{"href":"https:\/\/www.elplaneta.mx\/index.php?rest_route=%2Fwp%2Fv2%2Fmedia&parent=367929"}],"wp:term":[{"taxonomy":"category","embeddable":true,"href":"https:\/\/www.elplaneta.mx\/index.php?rest_route=%2Fwp%2Fv2%2Fcategories&post=367929"},{"taxonomy":"post_tag","embeddable":true,"href":"https:\/\/www.elplaneta.mx\/index.php?rest_route=%2Fwp%2Fv2%2Ftags&post=367929"}],"curies":[{"name":"wp","href":"https:\/\/api.w.org\/{rel}","templated":true}]}}