{"id":367935,"date":"2025-05-27T17:12:11","date_gmt":"2025-05-27T23:12:11","guid":{"rendered":"https:\/\/www.elplaneta.mx\/?p=367935"},"modified":"2025-05-27T17:12:17","modified_gmt":"2025-05-27T23:12:17","slug":"rebajar-la-polarizacion-y-el-deficit-retos-del-nuevo-presidente-de-rumania","status":"publish","type":"post","link":"https:\/\/www.elplaneta.mx\/?p=367935","title":{"rendered":"Rebajar la polarizaci\u00f3n y el d\u00e9ficit: Retos del nuevo Presidente de Rumania"},"content":{"rendered":"<div class=\"wp-block-image\">\n<figure class=\"alignleft size-full is-resized\"><img decoding=\"async\" src=\"https:\/\/www.elplaneta.mx\/wp-content\/themes\/elplaneta\/FOTOS\/27R374573675.jpg\" alt=\"\" class=\"wp-image-367936\" style=\"width:541px;height:auto\" \/><\/figure><\/div>\n\n\n<p>Bucarest, Rumania, Europa.- Rebajar el elevado d\u00e9ficit p\u00fablico, reducir la polarizaci\u00f3n y la divisi\u00f3n en la sociedad y formar un Gobierno europe\u00edsta con una s\u00f3lida mayor\u00eda son los principales retos que asume desde este lunes Nicusor Dan como nuevo jefe del Estado de Ruman\u00eda.<\/p>\n\n\n\n<p>Tras meses de incertidumbre pol\u00edtica, por la anulaci\u00f3n el pasado diciembre del anterior proceso electoral, Dan ha jurado hoy el cargo por los pr\u00f3ximos cinco a\u00f1os, tras haberse impuesto el pasado d\u00eda 18 con el 56 % de los votos frente al ultranacionalista George Simion.<\/p>\n\n\n\n<p>Con todo, el nuevo presidente es consciente de que su rival tuvo m\u00e1s de 5 millones de votos que muestran el descontento de parte de la sociedad rumana con lo que perciben es un sistema corrupto, y con los partidos tradicionales.<\/p>\n\n\n\n<p>Por ello, durante su discurso hoy ante el Parlamento, Dan afirm\u00f3 que ser\u00e1 un \u00abpresidente abierto a la voz de la sociedad\u00bb y anunci\u00f3 que invitar\u00e1 a los rumanos a \u00abpresionar\u00bb para reformar al Estado.<\/p>\n\n\n\n<p>Dan dijo que el pa\u00eds necesita \u00abreducir la burocracia y digitalizarse, reformar el proceso de acceso y promoci\u00f3n en los cargos p\u00fablicos, hacer una reforma administrativo-territorial y una reforma del sistema electoral\u201d.<\/p>\n\n\n\n<p>\u00abLa gente ya se ha expresado y ha demostrado que est\u00e1 interesada en el rumbo que est\u00e1 tomando Ruman\u00eda. La sociedad ha demostrado que est\u00e1 viva y fuerte\u00bb, se\u00f1al\u00f3.<\/p>\n\n\n\n<p>La campa\u00f1a ha estado polarizada entre la defensa del rumbo europe\u00edsta y atlantista de Ruman\u00eda, que entr\u00f3 en la OTAN en 2004 y el la Uni\u00f3n Europea en 2007, y la defensa de valores &#8216;nacionales&#8217;, del soberanismo y del conservadurismo de Simion.<\/p>\n\n\n\n<p>El reto m\u00e1s inmediato es formar un Gobierno con suficiente respaldo en el Parlamento para que pueda hacer frente a las reformas necesarias.<\/p>\n\n\n\n<p>El fracaso en la primera vuelta de las presidenciales del candidato del Gobierno de gran coalici\u00f3n provoc\u00f3 que el primer ministro, el socialdem\u00f3crata Marcel Ciolacu, dimitiera el pasado 5 de mayo.<\/p>\n\n\n\n<p>Dan quiere recomponer la coalici\u00f3n que formaban los socialdem\u00f3cratas del PSD, los conservadores del Partido Nacional Liberal (PNL) y la formaci\u00f3n de la minor\u00eda h\u00fangara UDMR, y sumarle los liberales de USR , la formaci\u00f3n que \u00e9l mismo contribuy\u00f3 a fundar en 2016 y que abandon\u00f3 un a\u00f1o m\u00e1s tarde.<\/p>\n\n\n\n<p>En lo econ\u00f3mico, ese nuevo Ejecutivo tendr\u00e1 que afrontar el d\u00e9ficit del 9 % con el que el pa\u00eds cerr\u00f3 2024, el mayor de toda la UE.<\/p>\n\n\n\n<p>El desaf\u00edo ser\u00e1 reducirlo sin aplicar recortes econ\u00f3micos que creen m\u00e1s malestar social.<\/p>\n\n\n\n<p>Las agencias de calificaci\u00f3n ya han advertido que podr\u00edan rebajar la nota soberana del pa\u00eds a nivel de &#8216;bono basura&#8217; si no se aplican medidas de consolidaci\u00f3n fiscal.<\/p>\n\n\n\n<p>\u00abRuman\u00eda est\u00e1 gastando demasiado, el Estado rumano est\u00e1 gastando demasiado en comparaci\u00f3n con lo que puede permitirse, y esta cuesti\u00f3n puede poner en duda la estabilidad financiera por la que todos hemos trabajado durante todos estos a\u00f1os\u00bb, resumi\u00f3 Dan hoy la situaci\u00f3n en el Parlamento.<\/p>\n\n\n\n<p>En pol\u00edtica internacional, en la que el jefe del Estado tiene amplias competencias, Dan dijo que \u00abes necesario fortalecer la asociaci\u00f3n estrat\u00e9gica con los EE.UU., participar en la OTAN y en el di\u00e1logo entre la UE y la OTAN, y participar activamente en el proceso de toma de decisiones de la UE\u00bb.<\/p>\n\n\n\n<p>Tambi\u00e9n destac\u00f3 que su pa\u00eds debe apoyar la v\u00eda europea de Moldavia, una antigua rep\u00fablica sovi\u00e9tica, donde el 80 % de la poblaci\u00f3n tiene el rumano como lengua.<\/p>\n","protected":false},"excerpt":{"rendered":"<p>Bucarest, Rumania, Europa.- Rebajar el elevado d\u00e9ficit p\u00fablico, reducir la polarizaci\u00f3n y la divisi\u00f3n en&#8230;<\/p>\n","protected":false},"author":1,"featured_media":0,"comment_status":"open","ping_status":"open","sticky":false,"template":"","format":"standard","meta":{"footnotes":""},"categories":[4],"tags":[],"class_list":["post-367935","post","type-post","status-publish","format-standard","hentry","category-local"],"gutentor_comment":0,"_links":{"self":[{"href":"https:\/\/www.elplaneta.mx\/index.php?rest_route=\/wp\/v2\/posts\/367935","targetHints":{"allow":["GET"]}}],"collection":[{"href":"https:\/\/www.elplaneta.mx\/index.php?rest_route=\/wp\/v2\/posts"}],"about":[{"href":"https:\/\/www.elplaneta.mx\/index.php?rest_route=\/wp\/v2\/types\/post"}],"author":[{"embeddable":true,"href":"https:\/\/www.elplaneta.mx\/index.php?rest_route=\/wp\/v2\/users\/1"}],"replies":[{"embeddable":true,"href":"https:\/\/www.elplaneta.mx\/index.php?rest_route=%2Fwp%2Fv2%2Fcomments&post=367935"}],"version-history":[{"count":1,"href":"https:\/\/www.elplaneta.mx\/index.php?rest_route=\/wp\/v2\/posts\/367935\/revisions"}],"predecessor-version":[{"id":367937,"href":"https:\/\/www.elplaneta.mx\/index.php?rest_route=\/wp\/v2\/posts\/367935\/revisions\/367937"}],"wp:attachment":[{"href":"https:\/\/www.elplaneta.mx\/index.php?rest_route=%2Fwp%2Fv2%2Fmedia&parent=367935"}],"wp:term":[{"taxonomy":"category","embeddable":true,"href":"https:\/\/www.elplaneta.mx\/index.php?rest_route=%2Fwp%2Fv2%2Fcategories&post=367935"},{"taxonomy":"post_tag","embeddable":true,"href":"https:\/\/www.elplaneta.mx\/index.php?rest_route=%2Fwp%2Fv2%2Ftags&post=367935"}],"curies":[{"name":"wp","href":"https:\/\/api.w.org\/{rel}","templated":true}]}}