{"id":368763,"date":"2025-06-12T10:19:28","date_gmt":"2025-06-12T16:19:28","guid":{"rendered":"https:\/\/www.elplaneta.mx\/?p=368763"},"modified":"2025-06-12T10:19:37","modified_gmt":"2025-06-12T16:19:37","slug":"reactivacion-de-la-industria-del-coco-en-costa-de-marfil-interesados-se-estan-movilizando","status":"publish","type":"post","link":"https:\/\/www.elplaneta.mx\/?p=368763","title":{"rendered":"Reactivaci\u00f3n de la industria del coco en Costa de Marfil, interesados se est\u00e1n movilizando"},"content":{"rendered":"<div class=\"wp-block-image\">\n<figure class=\"alignleft size-full is-resized\"><img decoding=\"async\" src=\"https:\/\/www.elplaneta.mx\/wp-content\/themes\/elplaneta\/FOTOS\/12C3464684755.jpg\" alt=\"\" class=\"wp-image-368764\" style=\"width:504px;height:auto\" \/><\/figure><\/div>\n\n\n<p>Yamusukro, Costa de Marfil, \u00c1frica.- En el marco del Sal\u00f3n Internacional de los Recursos Animales (SARA) en Abiy\u00e1n, el Consejo del Caucho, la Palma Aceitera y el Coco reuni\u00f3 a los principales actores del sector del coco en el Centro de Exposiciones el 29 de mayo de 2025. Objetivo: debatir los desaf\u00edos que enfrenta el sector y considerar v\u00edas concretas para su reactivaci\u00f3n.<\/p>\n\n\n\n<p>La otrora pr\u00f3spera industria del coco se encuentra ahora en dificultades. De hecho, la producci\u00f3n nacional de coco ha ca\u00eddo dr\u00e1sticamente, de 406.000 toneladas en 1986 a s\u00f3lo 125.565 toneladas en 2024, una ca\u00edda de casi el 70%. Este descenso ha relegado a Costa de Marfil del 1\u00ba al 5\u00ba lugar en \u00c1frica, dejando una gran cuota del mercado a otros pa\u00edses productores.<\/p>\n\n\n\n<p>Ante esta preocupante situaci\u00f3n, el Director General del Consejo, Edmond Coulibaly, hizo un llamamiento a la unidad y al compromiso de los distintos eslabones de la cadena de valor: productores, fabricantes y transformadores. Subray\u00f3 la necesidad de preservar las plantaciones existentes, especialmente a lo largo de la costa, que est\u00e1n cada vez m\u00e1s amenazadas por la urbanizaci\u00f3n. \u00abEs imperativo detener la destrucci\u00f3n de los cocotales y devolver a este sector su posici\u00f3n estrat\u00e9gica\u00bb, declar\u00f3.<\/p>\n\n\n\n<p>El gobierno, record\u00f3, ya ha tomado medidas para apoyar esta recuperaci\u00f3n, en particular adoptando una orden que extiende a las actividades del sector del coco las normas de reglamentaci\u00f3n, control y seguimiento ya vigentes para el caucho y la palma aceitera.<\/p>\n\n\n\n<p>Respecto al precio de compra para los productores, Edmond Coulibaly anunci\u00f3 que pr\u00f3ximamente se realizar\u00e1 una consulta con los actores del sector para definir un precio m\u00ednimo transitorio, en un esp\u00edritu de equidad y rentabilidad. Tambi\u00e9n abord\u00f3 la lucha contra la fuga de cocos al exterior, citando el ejemplo de la industria del caucho, donde se han logrado avances en materia de trazabilidad y control.<\/p>\n\n\n\n<p>Otra medida clave anunciada: la distribuci\u00f3n gratuita de plantas de coco para estimular la replantaci\u00f3n y mejorar los rendimientos.<\/p>\n\n\n\n<p>Presente en esta reuni\u00f3n, el Ministro de Agricultura y Desarrollo Rural, Kob\u00e9nan Kouassi Adjoumani, salud\u00f3 la iniciativa del Consejo e inst\u00f3 a sus responsables a colaborar estrechamente con el Centro Nacional de Investigaci\u00f3n Agron\u00f3mica (CNRA) para identificar y difundir variedades m\u00e1s eficientes, adaptadas a las diferentes zonas agroecol\u00f3gicas del pa\u00eds.<\/p>\n\n\n\n<p>El coco ofrece muchas oportunidades, tanto en t\u00e9rminos de procesamiento como de creaci\u00f3n de valor a\u00f1adido. Es una cultura prometedora que merece ser apoyada, concluy\u00f3 el ministro.<\/p>\n","protected":false},"excerpt":{"rendered":"<p>Yamusukro, Costa de Marfil, \u00c1frica.- En el marco del Sal\u00f3n Internacional de los Recursos Animales&#8230;<\/p>\n","protected":false},"author":1,"featured_media":0,"comment_status":"open","ping_status":"open","sticky":false,"template":"","format":"standard","meta":{"footnotes":""},"categories":[4],"tags":[],"class_list":["post-368763","post","type-post","status-publish","format-standard","hentry","category-local"],"gutentor_comment":0,"_links":{"self":[{"href":"https:\/\/www.elplaneta.mx\/index.php?rest_route=\/wp\/v2\/posts\/368763","targetHints":{"allow":["GET"]}}],"collection":[{"href":"https:\/\/www.elplaneta.mx\/index.php?rest_route=\/wp\/v2\/posts"}],"about":[{"href":"https:\/\/www.elplaneta.mx\/index.php?rest_route=\/wp\/v2\/types\/post"}],"author":[{"embeddable":true,"href":"https:\/\/www.elplaneta.mx\/index.php?rest_route=\/wp\/v2\/users\/1"}],"replies":[{"embeddable":true,"href":"https:\/\/www.elplaneta.mx\/index.php?rest_route=%2Fwp%2Fv2%2Fcomments&post=368763"}],"version-history":[{"count":1,"href":"https:\/\/www.elplaneta.mx\/index.php?rest_route=\/wp\/v2\/posts\/368763\/revisions"}],"predecessor-version":[{"id":368765,"href":"https:\/\/www.elplaneta.mx\/index.php?rest_route=\/wp\/v2\/posts\/368763\/revisions\/368765"}],"wp:attachment":[{"href":"https:\/\/www.elplaneta.mx\/index.php?rest_route=%2Fwp%2Fv2%2Fmedia&parent=368763"}],"wp:term":[{"taxonomy":"category","embeddable":true,"href":"https:\/\/www.elplaneta.mx\/index.php?rest_route=%2Fwp%2Fv2%2Fcategories&post=368763"},{"taxonomy":"post_tag","embeddable":true,"href":"https:\/\/www.elplaneta.mx\/index.php?rest_route=%2Fwp%2Fv2%2Ftags&post=368763"}],"curies":[{"name":"wp","href":"https:\/\/api.w.org\/{rel}","templated":true}]}}