{"id":369353,"date":"2025-06-23T02:37:30","date_gmt":"2025-06-23T08:37:30","guid":{"rendered":"https:\/\/www.elplaneta.mx\/?p=369353"},"modified":"2025-06-23T02:37:35","modified_gmt":"2025-06-23T08:37:35","slug":"condenan-a-43-anos-de-prision-a-persona-de-reynosa-por-homicidio","status":"publish","type":"post","link":"https:\/\/www.elplaneta.mx\/?p=369353","title":{"rendered":"Condenan a 43 a\u00f1os de prisi\u00f3n a persona de Reynosa, por homicidio"},"content":{"rendered":"<div class=\"wp-block-image\">\n<figure class=\"alignleft size-full is-resized\"><img decoding=\"async\" src=\"https:\/\/www.elplaneta.mx\/wp-content\/themes\/elplaneta\/FOTOS\/23_FGJE-338-2025.jpg\" alt=\"\" class=\"wp-image-369354\" style=\"width:302px;height:auto\" \/><\/figure><\/div>\n\n\n<p>Ciudad Reynosa, Tamaulipas, M\u00e9xico, Am\u00e9rica.- La Fiscal\u00eda General de Justicia del Estado de Tamaulipas informa que el Agente del Ministerio P\u00fablico obtuvo sentencia condenatoria de 43 a\u00f1os de pena privativa de libertad en contra de Luis \u00c1ngel \u201cH\u201d, por los delitos de Homicidio Doloso, Homicidio Culposo con Motivo del Tr\u00e1nsito de Veh\u00edculos, Lesiones Culposas con Motivo del Tr\u00e1nsito de Veh\u00edculos y Atentados a la Seguridad de la Comunidad.<\/p>\n\n\n\n<p>La autoridad judicial emiti\u00f3 la condena, luego de que el Representante Social present\u00f3 los elementos probatorios suficientes que acreditaron la responsabilidad del sentenciado en los hechos ocurridos el 11 de enero de 2024, sobre la carretera R\u00edo Bravo &#8211; Matamoros, a la altura de El Ejido 6 de Enero, donde realizo disparos contra elementos de la Guardia Estatal y colision\u00f3 a veh\u00edculo particular, provocando la muerte de cuatro V\u00edctimas y lesiones a otras dos.<\/p>\n\n\n\n<p>Se impuso una multa de 22 mil, 628 pesos, as\u00ed como el pago de 633 mil, 180.14 pesos por concepto de reparaci\u00f3n del da\u00f1o a favor de las familias de las v\u00edctimas fallecidas.<\/p>\n\n\n\n<p>La Fiscal\u00eda General de Justicia del Estado de Tamaulipas refrenda su compromiso de no dejar impunes los delitos que atentan contra la vida de las y los tamaulipecos.<\/p>\n","protected":false},"excerpt":{"rendered":"<p>Ciudad Reynosa, Tamaulipas, M\u00e9xico, Am\u00e9rica.- La Fiscal\u00eda General de Justicia del Estado de Tamaulipas informa&#8230;<\/p>\n","protected":false},"author":1,"featured_media":0,"comment_status":"open","ping_status":"open","sticky":false,"template":"","format":"standard","meta":{"footnotes":""},"categories":[20],"tags":[],"class_list":["post-369353","post","type-post","status-publish","format-standard","hentry","category-tamaulipas"],"gutentor_comment":0,"_links":{"self":[{"href":"https:\/\/www.elplaneta.mx\/index.php?rest_route=\/wp\/v2\/posts\/369353","targetHints":{"allow":["GET"]}}],"collection":[{"href":"https:\/\/www.elplaneta.mx\/index.php?rest_route=\/wp\/v2\/posts"}],"about":[{"href":"https:\/\/www.elplaneta.mx\/index.php?rest_route=\/wp\/v2\/types\/post"}],"author":[{"embeddable":true,"href":"https:\/\/www.elplaneta.mx\/index.php?rest_route=\/wp\/v2\/users\/1"}],"replies":[{"embeddable":true,"href":"https:\/\/www.elplaneta.mx\/index.php?rest_route=%2Fwp%2Fv2%2Fcomments&post=369353"}],"version-history":[{"count":1,"href":"https:\/\/www.elplaneta.mx\/index.php?rest_route=\/wp\/v2\/posts\/369353\/revisions"}],"predecessor-version":[{"id":369355,"href":"https:\/\/www.elplaneta.mx\/index.php?rest_route=\/wp\/v2\/posts\/369353\/revisions\/369355"}],"wp:attachment":[{"href":"https:\/\/www.elplaneta.mx\/index.php?rest_route=%2Fwp%2Fv2%2Fmedia&parent=369353"}],"wp:term":[{"taxonomy":"category","embeddable":true,"href":"https:\/\/www.elplaneta.mx\/index.php?rest_route=%2Fwp%2Fv2%2Fcategories&post=369353"},{"taxonomy":"post_tag","embeddable":true,"href":"https:\/\/www.elplaneta.mx\/index.php?rest_route=%2Fwp%2Fv2%2Ftags&post=369353"}],"curies":[{"name":"wp","href":"https:\/\/api.w.org\/{rel}","templated":true}]}}