{"id":369424,"date":"2025-06-23T05:16:00","date_gmt":"2025-06-23T11:16:00","guid":{"rendered":"https:\/\/www.elplaneta.mx\/?p=369424"},"modified":"2025-06-23T12:19:42","modified_gmt":"2025-06-23T18:19:42","slug":"realiza-dif-tamaulipas-segunda-capacitacion-y-donacion-de-sillas-de-ruedas","status":"publish","type":"post","link":"https:\/\/www.elplaneta.mx\/?p=369424","title":{"rendered":"Realiza DIF Tamaulipas segunda capacitaci\u00f3n y donaci\u00f3n de sillas de ruedas"},"content":{"rendered":"<div class=\"wp-block-image\">\n<figure class=\"alignleft size-full\"><img decoding=\"async\" src=\"https:\/\/www.elplaneta.mx\/wp-content\/themes\/elplaneta\/FOTOS\/23T3546784875.jpeg\" alt=\"\" class=\"wp-image-369425\" \/><\/figure><\/div>\n\n\n<p>Ciudad Victoria, Tamaulipas, M\u00e9xico, Am\u00e9rica.- El Sistema para el Desarrollo Integral de la Familia (DIF) de Tamaulipas, presidido por la doctora Mar\u00eda de Villarreal, en colaboraci\u00f3n con la asociaci\u00f3n Vida Independiente M\u00e9xico, llev\u00f3 a cabo la segunda capacitaci\u00f3n dirigida a personas con discapacidad motriz.<\/p>\n\n\n\n<p>Durante esta actividad tambi\u00e9n se entregaron 27 sillas de ruedas dise\u00f1adas especialmente por dicha asociaci\u00f3n, adquiridas gracias a lo recaudado a trav\u00e9s del redondeo de Fundaci\u00f3n Oxxo.<\/p>\n\n\n\n<p>En el curso participaron 27 personas con discapacidad, quienes durante cinco d\u00edas recibieron capacitaci\u00f3n por parte de instructores especializados de Vida Independiente M\u00e9xico.<\/p>\n\n\n\n<p>Adem\u00e1s, 10 alumnos del Centro de Rehabilitaci\u00f3n y Educaci\u00f3n Especial (CREE) del Sistema DIF Tamaulipas apoyaron activamente a los beneficiarios, facilitando su aprendizaje y el aprovechamiento \u00f3ptimo del equipo.<\/p>\n\n\n\n<p>Esta capacitaci\u00f3n tuvo como objetivo fortalecer las habilidades f\u00edsicas y emocionales de los participantes, a trav\u00e9s de t\u00e9cnicas para el manejo aut\u00f3nomo de la silla de ruedas, as\u00ed como compartir experiencias de inclusi\u00f3n social y laboral.<\/p>\n\n\n\n<p>Al concluir el curso, la directora de Atenci\u00f3n Prioritaria, Mariela Benavides Espronceda, agradeci\u00f3 a Vida Independiente M\u00e9xico por su participaci\u00f3n, as\u00ed como a Fundaci\u00f3n Oxxo por la valiosa donaci\u00f3n de las sillas de ruedas, gracias al redondeo voluntario de sus clientes en todo el pa\u00eds.<\/p>\n","protected":false},"excerpt":{"rendered":"<p>Ciudad Victoria, Tamaulipas, M\u00e9xico, Am\u00e9rica.- El Sistema para el Desarrollo Integral de la Familia (DIF)&#8230;<\/p>\n","protected":false},"author":1,"featured_media":0,"comment_status":"open","ping_status":"open","sticky":false,"template":"","format":"standard","meta":{"footnotes":""},"categories":[20],"tags":[],"class_list":["post-369424","post","type-post","status-publish","format-standard","hentry","category-tamaulipas"],"gutentor_comment":0,"_links":{"self":[{"href":"https:\/\/www.elplaneta.mx\/index.php?rest_route=\/wp\/v2\/posts\/369424","targetHints":{"allow":["GET"]}}],"collection":[{"href":"https:\/\/www.elplaneta.mx\/index.php?rest_route=\/wp\/v2\/posts"}],"about":[{"href":"https:\/\/www.elplaneta.mx\/index.php?rest_route=\/wp\/v2\/types\/post"}],"author":[{"embeddable":true,"href":"https:\/\/www.elplaneta.mx\/index.php?rest_route=\/wp\/v2\/users\/1"}],"replies":[{"embeddable":true,"href":"https:\/\/www.elplaneta.mx\/index.php?rest_route=%2Fwp%2Fv2%2Fcomments&post=369424"}],"version-history":[{"count":1,"href":"https:\/\/www.elplaneta.mx\/index.php?rest_route=\/wp\/v2\/posts\/369424\/revisions"}],"predecessor-version":[{"id":369426,"href":"https:\/\/www.elplaneta.mx\/index.php?rest_route=\/wp\/v2\/posts\/369424\/revisions\/369426"}],"wp:attachment":[{"href":"https:\/\/www.elplaneta.mx\/index.php?rest_route=%2Fwp%2Fv2%2Fmedia&parent=369424"}],"wp:term":[{"taxonomy":"category","embeddable":true,"href":"https:\/\/www.elplaneta.mx\/index.php?rest_route=%2Fwp%2Fv2%2Fcategories&post=369424"},{"taxonomy":"post_tag","embeddable":true,"href":"https:\/\/www.elplaneta.mx\/index.php?rest_route=%2Fwp%2Fv2%2Ftags&post=369424"}],"curies":[{"name":"wp","href":"https:\/\/api.w.org\/{rel}","templated":true}]}}