{"id":369434,"date":"2025-06-23T15:56:53","date_gmt":"2025-06-23T21:56:53","guid":{"rendered":"https:\/\/www.elplaneta.mx\/?p=369434"},"modified":"2025-06-23T15:56:58","modified_gmt":"2025-06-23T21:56:58","slug":"transportistas-y-empresas-de-nuevo-laredo-resentidos-por-aranceles-canacintra","status":"publish","type":"post","link":"https:\/\/www.elplaneta.mx\/?p=369434","title":{"rendered":"Transportistas y empresas de Nuevo Laredo, resentidos por aranceles: Canacintra"},"content":{"rendered":"<div class=\"wp-block-image\">\n<figure class=\"alignleft size-full\"><img decoding=\"async\" src=\"https:\/\/www.elplaneta.mx\/wp-content\/themes\/elplaneta\/FOTOS\/Canacintra-Miguel-Angel.jpg\" alt=\"\" class=\"wp-image-369435\" \/><figcaption class=\"wp-element-caption\">Miguel \u00c1ngel V\u00e1zquez Maldonado.<\/figcaption><\/figure><\/div>\n\n\n<p>Nuevo Laredo, Tamaulipas, M\u00e9xico, Am\u00e9rica.- El cruce de mercanc\u00edas disminuy\u00f3 30% en mayo por las restricciones. Canacintra confirma ca\u00edda de empleos y exportaciones desde abril pasado.<\/p>\n\n\n\n<p>La aplicaci\u00f3n de aranceles por parte del gobierno de Estados Unidos a productos como acero, aluminio, refacciones y autom\u00f3viles mexicanos ya comienza a reflejar sus efectos negativos en la econom\u00eda fronteriza, particularmente en Nuevo Laredo.<\/p>\n\n\n\n<p>El presidente de la C\u00e1mara Nacional de la Industria de la Transformaci\u00f3n (Canacintra) en esta ciudad, Miguel \u00c1ngel V\u00e1zquez Maldonado, confirm\u00f3 que desde el mes de mayo se ha registrado una p\u00e9rdida significativa de empleos en el sector industrial, derivada directamente de estas medidas comerciales.<\/p>\n\n\n\n<p>\u201cLos tratados se hicieron para respetarse y no para imponer aranceles. Ya estamos viendo una reducci\u00f3n de empleo desde mayo. Nadie habla del impacto que nos est\u00e1 generando, pero nos est\u00e1 afectando de forma directa. Tendremos que ajustar nuestras operaciones mientras el gobierno de M\u00e9xico insiste con Estados Unidos para revertir estas medidas\u201d, declar\u00f3 el dirigente empresarial.<\/p>\n\n\n\n<p>Adem\u00e1s del sector industrial, el transporte de carga tambi\u00e9n se ha visto severamente afectado.<\/p>\n\n\n\n<p>De acuerdo con cifras preliminares, se ha registrado una ca\u00edda de al menos el 30% en el cruce de mercanc\u00edas por esta frontera, como consecuencia de los aranceles de hasta 50% al acero y 25% a productos del sector automotriz y aluminio.<\/p>\n\n\n\n<p>La Canacintra advierte que, de no alcanzarse una negociaci\u00f3n favorable entre ambos pa\u00edses, m\u00e1s empresas se ver\u00e1n obligadas a reducir sus plantillas laborales y ajustar su producci\u00f3n, lo que podr\u00eda agravar el impacto econ\u00f3mico en la regi\u00f3n fronteriza.<\/p>\n","protected":false},"excerpt":{"rendered":"<p>Nuevo Laredo, Tamaulipas, M\u00e9xico, Am\u00e9rica.- El cruce de mercanc\u00edas disminuy\u00f3 30% en mayo por las&#8230;<\/p>\n","protected":false},"author":1,"featured_media":0,"comment_status":"open","ping_status":"open","sticky":false,"template":"","format":"standard","meta":{"footnotes":""},"categories":[20],"tags":[],"class_list":["post-369434","post","type-post","status-publish","format-standard","hentry","category-tamaulipas"],"gutentor_comment":0,"_links":{"self":[{"href":"https:\/\/www.elplaneta.mx\/index.php?rest_route=\/wp\/v2\/posts\/369434","targetHints":{"allow":["GET"]}}],"collection":[{"href":"https:\/\/www.elplaneta.mx\/index.php?rest_route=\/wp\/v2\/posts"}],"about":[{"href":"https:\/\/www.elplaneta.mx\/index.php?rest_route=\/wp\/v2\/types\/post"}],"author":[{"embeddable":true,"href":"https:\/\/www.elplaneta.mx\/index.php?rest_route=\/wp\/v2\/users\/1"}],"replies":[{"embeddable":true,"href":"https:\/\/www.elplaneta.mx\/index.php?rest_route=%2Fwp%2Fv2%2Fcomments&post=369434"}],"version-history":[{"count":1,"href":"https:\/\/www.elplaneta.mx\/index.php?rest_route=\/wp\/v2\/posts\/369434\/revisions"}],"predecessor-version":[{"id":369436,"href":"https:\/\/www.elplaneta.mx\/index.php?rest_route=\/wp\/v2\/posts\/369434\/revisions\/369436"}],"wp:attachment":[{"href":"https:\/\/www.elplaneta.mx\/index.php?rest_route=%2Fwp%2Fv2%2Fmedia&parent=369434"}],"wp:term":[{"taxonomy":"category","embeddable":true,"href":"https:\/\/www.elplaneta.mx\/index.php?rest_route=%2Fwp%2Fv2%2Fcategories&post=369434"},{"taxonomy":"post_tag","embeddable":true,"href":"https:\/\/www.elplaneta.mx\/index.php?rest_route=%2Fwp%2Fv2%2Ftags&post=369434"}],"curies":[{"name":"wp","href":"https:\/\/api.w.org\/{rel}","templated":true}]}}