{"id":369558,"date":"2025-06-25T13:36:58","date_gmt":"2025-06-25T19:36:58","guid":{"rendered":"https:\/\/www.elplaneta.mx\/?p=369558"},"modified":"2025-06-25T13:37:04","modified_gmt":"2025-06-25T19:37:04","slug":"docentes-de-colegio-de-panama-protestan-por-modificacion-de-su-estatus-legal","status":"publish","type":"post","link":"https:\/\/www.elplaneta.mx\/?p=369558","title":{"rendered":"Docentes de colegio de Panam\u00e1, protestan por \u2018modificaci\u00f3n de su estatus legal\u2019"},"content":{"rendered":"<div class=\"wp-block-image\">\n<figure class=\"alignleft size-full is-resized\"><img decoding=\"async\" src=\"https:\/\/www.elplaneta.mx\/wp-content\/themes\/elplaneta\/FOTOS\/25K354684757.jpg\" alt=\"\" class=\"wp-image-369559\" style=\"width:470px;height:auto\" \/><\/figure><\/div>\n\n\n<p>Panam\u00e1, Panam\u00e1, Am\u00e9rica.- El personal docente del colegio F\u00e9lix Olivares Contreras emiti\u00f3 un comunicado denunciando que hubo una alteraci\u00f3n en el estatus legal del personal educativo, la cual estar\u00eda condicionando su situaci\u00f3n laboral.<\/p>\n\n\n\n<p>Los educadores mencionaron que hubo un cambio en la plataforma oficial de la Contralor\u00eda General de la Rep\u00fablica, que est\u00e1 \u201cimpidiendo temporalmente\u201d que puedan atender sus labores acad\u00e9micas con normalidad.<\/p>\n\n\n\n<p>La Estrella de Panam\u00e1 pudo conocer que diversos docentes en todo el pa\u00eds est\u00e1n reportando que su estatus laboral en el portal de la Contralor\u00eda General de la Rep\u00fablica fue cambiado de \u201cindefinido\u201d a \u201clicencia sin sueldo\u201d, sin que estos lo solicitasen.<\/p>\n\n\n\n<p>\u201dComo educadores responsables y comprometidos con el bienestar integral de nuestros estudiantes, nos mantenemos en nuestras instalaciones, en labores administrativas, a la espera de la pronta correcci\u00f3n de esta situaci\u00f3n por parte de las autoridades competentes\u201d, finaliza el comunicado.<\/p>\n\n\n\n<p>Por su lado, el contralor general de la Rep\u00fablica, Anel Flores, reconoci\u00f3 que se han presentado errores en el pago a los docentes durante el paro de labores que mantienen por m\u00e1s de dos meses.<\/p>\n\n\n\n<p>La anterior fue la respuesta de Flores al ser consultado por \u201cLa Estrella de Panam\u00e1\u201d sobre los cuidados que se est\u00e1n tomando para evitar que los docentes que trabajan no reciban un descuento en este periodo de paro.<\/p>\n\n\n\n<p>\u201cHacemos un trabajo tit\u00e1nico para lograr que no se den temas como ese, que son errores\u201d, indic\u00f3, al tiempo que record\u00f3 que hay 54.000 docentes dentro del sistema educativo paname\u00f1o.<\/p>\n\n\n\n<p>\u201cAhora todos trabajan, apenas que llegue el cheque en cero; lo que no dicen es que llegan al centro de estudios, marcan y se van o llegan no atienden a los estudiantes\u201d, expres\u00f3.<\/p>\n\n\n\n<p>Flores dijo que la informaci\u00f3n que han recibido del Ministerio de Educaci\u00f3n no es confiable, por ello la Contralor\u00eda efectu\u00f3 su propia auditoria.<\/p>\n\n\n\n<p>A\u00f1adi\u00f3 que hasta el momento se han procesado entre 300 y 400 errores en el sistema de pago a los docentes del pa\u00eds en el periodo de paro. \u201cTampoco hemos cometido grandes errores\u201d, enfatiz\u00f3.<\/p>\n","protected":false},"excerpt":{"rendered":"<p>Panam\u00e1, Panam\u00e1, Am\u00e9rica.- El personal docente del colegio F\u00e9lix Olivares Contreras emiti\u00f3 un comunicado denunciando&#8230;<\/p>\n","protected":false},"author":1,"featured_media":0,"comment_status":"open","ping_status":"open","sticky":false,"template":"","format":"standard","meta":{"footnotes":""},"categories":[139],"tags":[],"class_list":["post-369558","post","type-post","status-publish","format-standard","hentry","category-continental"],"gutentor_comment":0,"_links":{"self":[{"href":"https:\/\/www.elplaneta.mx\/index.php?rest_route=\/wp\/v2\/posts\/369558","targetHints":{"allow":["GET"]}}],"collection":[{"href":"https:\/\/www.elplaneta.mx\/index.php?rest_route=\/wp\/v2\/posts"}],"about":[{"href":"https:\/\/www.elplaneta.mx\/index.php?rest_route=\/wp\/v2\/types\/post"}],"author":[{"embeddable":true,"href":"https:\/\/www.elplaneta.mx\/index.php?rest_route=\/wp\/v2\/users\/1"}],"replies":[{"embeddable":true,"href":"https:\/\/www.elplaneta.mx\/index.php?rest_route=%2Fwp%2Fv2%2Fcomments&post=369558"}],"version-history":[{"count":1,"href":"https:\/\/www.elplaneta.mx\/index.php?rest_route=\/wp\/v2\/posts\/369558\/revisions"}],"predecessor-version":[{"id":369560,"href":"https:\/\/www.elplaneta.mx\/index.php?rest_route=\/wp\/v2\/posts\/369558\/revisions\/369560"}],"wp:attachment":[{"href":"https:\/\/www.elplaneta.mx\/index.php?rest_route=%2Fwp%2Fv2%2Fmedia&parent=369558"}],"wp:term":[{"taxonomy":"category","embeddable":true,"href":"https:\/\/www.elplaneta.mx\/index.php?rest_route=%2Fwp%2Fv2%2Fcategories&post=369558"},{"taxonomy":"post_tag","embeddable":true,"href":"https:\/\/www.elplaneta.mx\/index.php?rest_route=%2Fwp%2Fv2%2Ftags&post=369558"}],"curies":[{"name":"wp","href":"https:\/\/api.w.org\/{rel}","templated":true}]}}