{"id":369700,"date":"2025-06-30T08:34:10","date_gmt":"2025-06-30T14:34:10","guid":{"rendered":"https:\/\/www.elplaneta.mx\/?p=369700"},"modified":"2025-06-30T08:34:19","modified_gmt":"2025-06-30T14:34:19","slug":"aparecer-en-el-mapa-politico","status":"publish","type":"post","link":"https:\/\/www.elplaneta.mx\/?p=369700","title":{"rendered":"Aparecer en el mapa pol\u00edtico\u2026"},"content":{"rendered":"\n<p>Por Marco Antonio V\u00e1zquez Villanueva<\/p>\n\n\n\n<p>Desde Carlos Salinas y hasta el sexenio pasado los presidentes de la Rep\u00fablica y sus cercanos ve\u00edan a Tamaulipas como una Entidad que nom\u00e1s era para saquearse, para que les produjera dinero, no siempre limpio, pero bastante atractivo, por lo dem\u00e1s, nunca nos consideraron como una regi\u00f3n de oportunidades.<\/p>\n\n\n\n<p>Los gobernadores, por supuesto, se sintieron muy solos y no crea que les molestaba, al contrario, aumentaban la malquerencia y aprovecharon a lo bestia, cual m\u00e1s cual menos saciaron sus apetitos de todo tipo, algunos hasta con excesos que nos han costado la paz, tranquilidad y el estancamiento econ\u00f3mico.<\/p>\n\n\n\n<p>Por supuesto, todos los expresidentes nos ofrecieron ser la panacea para nuestros problemas, unos nos prometieron mejor seguridad, todos ve\u00edan a la industria maquiladora (que hasta hace pocos a\u00f1os no hac\u00eda otra cosa que explotar a los trabajadores por malos sueldos) como la soluci\u00f3n, otros nos hablaron del gas en la cuenca de Burgos, de nuestra frontera, los puertos y mil cosas, usted y yo lo sabemos perfectamente, nunca cumplieron, ellos y sus equipos siguieron conform\u00e1ndose con recibir financiamiento a campa\u00f1as o apoyos y regalos, pero la mayor\u00eda ni se acercaba a territorio tamaulipeco, hicieron una visita por sexenio, dos o tres a lo mucho y la mayor\u00eda cuando ya se iban y pretend\u00edan presumir logros, que valga decirlo, nunca lo fueron.<\/p>\n\n\n\n<p>Viena a colaci\u00f3n la corta historia porque este sexenio Claudia Sheinbaum Pardo, la Presidenta, parece que por fin coloc\u00f3 a Tamaulipas en el mapa pol\u00edtico, se nota que le signific\u00f3 algo nuestro potencial y parece dispuesta a desarrollarlo de tal forma que la regi\u00f3n de pueda convertir en un polo de desarrollo, la muestra es que junto con Am\u00e9rico Villarreal Anaya, gobernador del Estado (que tambi\u00e9n hay que recalcarlo ha sido el primero que no se ha equivocado en su apuesta dentro de una sucesi\u00f3n presidencial) han anunciado el puerto de Altamira como objeto de recibir inversi\u00f3n de todo tipo, de hacerlo crecer, y con \u00e9l toda la regi\u00f3n de manera integral al convertirlo en un Polo de Desarrollo para el Bienestar.<\/p>\n\n\n\n<p>Para el puerto se habla de mejorarlo en infraestructura y hacerlo m\u00e1s eficiente log\u00edsticamente hablando, es decir, ya trabajan en desarrollo de vivienda, oferta educativa, de crecimiento de empresas a trav\u00e9s de financiamiento, de mejorar su interconexi\u00f3n, sus comunicaciones y todo ello afectar\u00eda de manera positiva a m\u00e1s de un mill\u00f3n de tamaulipecos que viven en el sur de Tamaulipas y parte de la zona centro.<\/p>\n\n\n\n<p>Hay que dejar claro, con todos los expresidentes hemos escuchado propuestas y promesas bonitas, maravillosas, todos afirmaron que aterrizar\u00edamos pr\u00e1cticamente en el primer mundo de golpe y porrazo, pero ninguno ten\u00eda la intenci\u00f3n de cumplir solo ofrec\u00edan para ver que pod\u00eda quedarles de ganancia, si me apura, casi le puedo asegurar que todo lo que ha crecido Tamaulipas, su estabilidad social y econ\u00f3mica, es logr\u00f3 exclusivo del pueblo, ni siquiera lo fue de sus gobernantes locales.<\/p>\n\n\n\n<p>Esa es la diferencia de hoy, la Presidenta Claudia Sheinbaum y el gobernador Am\u00e9rico Villarreal ya hablan con datos precisos, traen proyectos para esa regi\u00f3n no solo para el puerto, tambi\u00e9n de beneficios fiscales, de apoyo a las empresas a trav\u00e9s de la Secretaria de Econom\u00eda que maneja Marcelo Ebrard, inversiones para vivienda, eso entre muchos puntos m\u00e1s que ayudan a fortalecer las cadenas productivas, es decir, entrelazar las empresas de tal manera que el crecimiento sea local, fuerte y sostenido.<\/p>\n\n\n\n<p>Pero, m\u00e1s que lo anterior, incluso arriba de resaltar que Tamaulipas se ha ganado estar en el escenario nacional con un proyecto de expectativas muy altas como es convertir a Altamira y su regi\u00f3n en un Polo de Desarrollo Econ\u00f3mico, est\u00e1 el hablar de que por fin el Estado aparece en el mapa pol\u00edtico nacional, por fin se le toma en cuenta al gobernador y al Estado y esto solo significa tiene el inter\u00e9s de la federaci\u00f3n y eso ayudar\u00e1 cuando se presenten problemas de otro tipo, como los seguridad y otros parecidos, ya lo ver\u00e1, ya notar\u00e1 que no van a dejarnos solos\u2026<\/p>\n\n\n\n<p>PROMUEVE UAT VINCULACI\u00d3N CON SECTOR AGROPECUARIO\u2026 Al presidir la apertura del curso-taller \u201cManejo y Administraci\u00f3n Sostenible de Ranchos\u201d, el rector D\u00e1maso Anaya Alvarado reafirm\u00f3 el compromiso de sumar los esfuerzos de la Universidad Aut\u00f3noma de Tamaulipas (UAT) con el sector agropecuario para enfrentar, de manera conjunta, los retos que se presentan en esta importante rama de la econom\u00eda y el desarrollo de la entidad.<\/p>\n\n\n\n<p>En su mensaje inaugural, el rector destac\u00f3 que para la UAT es muy importante realizar este tipo de eventos que permiten aportar conocimientos cient\u00edficos al abordar temas cruciales que afectan la productividad del campo, como son el cambio clim\u00e1tico, la escasez de agua, el sobrepastoreo y el deterioro del suelo.<\/p>\n\n\n\n<p>Por ello, agradeci\u00f3 a los productores rurales y a las autoridades del sector agropecuario por su confianza y participaci\u00f3n en este evento, que re\u00fane tambi\u00e9n a profesores, investigadores, estudiantes y especialistas en las diversas \u00e1reas de la producci\u00f3n rural y el medio ambiente.<\/p>\n\n\n\n<p>D\u00e1maso Anaya resalt\u00f3 que este espacio universitario representa no solo el avance cient\u00edfico, sino el compromiso social y territorial de la UAT con Tamaulipas y con su gente del campo; asimismo, hizo una invitaci\u00f3n a transitar hacia modelos regenerativos, tecnificados y sostenibles, capaces de responder a las exigencias de un entorno cambiante, sin dejar de lado la tradici\u00f3n ganadera y agr\u00edcola del estado.<\/p>\n\n\n\n<p>Finalmente, subray\u00f3 que la Universidad pone a disposici\u00f3n de productores y de la gente dedicada al sector agropecuario, no solo el conocimiento, sino su convicci\u00f3n profunda de que el futuro del campo se construye con ciencia, con conciencia y con ellos como aliados.<\/p>\n\n\n\n<p>El curso taller \u201cManejo y Administraci\u00f3n Sostenible de Ranchos\u201d se imparti\u00f3 en forma presencial y virtual desde el Centro de Innovaci\u00f3n y Transferencia de Tecnolog\u00eda en Agricultura de Precisi\u00f3n de la UAT, ubicado en G\u00fc\u00e9mez.<\/p>\n\n\n\n<p>En la apertura estuvieron el titular de la Oficina de la Secretar\u00eda de Agricultura en Tamaulipas, Rom\u00e1n Rigoberto Garza Infante; el representante de la Uni\u00f3n Ganadera Regional de Tamaulipas, Rub\u00e9n L\u00f3pez Acevedo; y el gerente del Comit\u00e9 para el Fomento y Protecci\u00f3n Pecuaria de Tamaulipas, Antonio Nogales Bautista; as\u00ed como funcionarios, docentes, investigadores y estudiantes de la UAT.<\/p>\n\n\n\n<p>Coloque en el buscador de facebok @CENADeNegros1 y le agradecer\u00e9 que me regale un Me Gusta, adem\u00e1s nos puede seguir en la cuenta de X @gatovaliente y, como siempre, le dejo el correo electr\u00f3nico a sus \u00f3rdenes para lo que guste y mande\u2026 marcovazquez20001@hotmail.com<\/p>\n","protected":false},"excerpt":{"rendered":"<p>Por Marco Antonio V\u00e1zquez Villanueva Desde Carlos Salinas y hasta el sexenio pasado los presidentes&#8230;<\/p>\n","protected":false},"author":1,"featured_media":0,"comment_status":"closed","ping_status":"closed","sticky":false,"template":"","format":"standard","meta":{"footnotes":""},"categories":[5],"tags":[],"class_list":["post-369700","post","type-post","status-publish","format-standard","hentry","category-opinion"],"gutentor_comment":0,"_links":{"self":[{"href":"https:\/\/www.elplaneta.mx\/index.php?rest_route=\/wp\/v2\/posts\/369700","targetHints":{"allow":["GET"]}}],"collection":[{"href":"https:\/\/www.elplaneta.mx\/index.php?rest_route=\/wp\/v2\/posts"}],"about":[{"href":"https:\/\/www.elplaneta.mx\/index.php?rest_route=\/wp\/v2\/types\/post"}],"author":[{"embeddable":true,"href":"https:\/\/www.elplaneta.mx\/index.php?rest_route=\/wp\/v2\/users\/1"}],"replies":[{"embeddable":true,"href":"https:\/\/www.elplaneta.mx\/index.php?rest_route=%2Fwp%2Fv2%2Fcomments&post=369700"}],"version-history":[{"count":2,"href":"https:\/\/www.elplaneta.mx\/index.php?rest_route=\/wp\/v2\/posts\/369700\/revisions"}],"predecessor-version":[{"id":369702,"href":"https:\/\/www.elplaneta.mx\/index.php?rest_route=\/wp\/v2\/posts\/369700\/revisions\/369702"}],"wp:attachment":[{"href":"https:\/\/www.elplaneta.mx\/index.php?rest_route=%2Fwp%2Fv2%2Fmedia&parent=369700"}],"wp:term":[{"taxonomy":"category","embeddable":true,"href":"https:\/\/www.elplaneta.mx\/index.php?rest_route=%2Fwp%2Fv2%2Fcategories&post=369700"},{"taxonomy":"post_tag","embeddable":true,"href":"https:\/\/www.elplaneta.mx\/index.php?rest_route=%2Fwp%2Fv2%2Ftags&post=369700"}],"curies":[{"name":"wp","href":"https:\/\/api.w.org\/{rel}","templated":true}]}}