{"id":369703,"date":"2025-06-30T08:38:22","date_gmt":"2025-06-30T14:38:22","guid":{"rendered":"https:\/\/www.elplaneta.mx\/?p=369703"},"modified":"2025-06-30T08:38:27","modified_gmt":"2025-06-30T14:38:27","slug":"ordena-el-gobernador-reforzar-acciones-preventivas-ante-tormenta-barry","status":"publish","type":"post","link":"https:\/\/www.elplaneta.mx\/?p=369703","title":{"rendered":"Ordena el Gobernador, reforzar acciones preventivas ante tormenta Barry"},"content":{"rendered":"<div class=\"wp-block-image\">\n<figure class=\"alignleft size-full is-resized\"><img decoding=\"async\" src=\"https:\/\/www.elplaneta.mx\/wp-content\/themes\/elplaneta\/FOTOS\/30T35406847565.jpeg\" alt=\"\" class=\"wp-image-369704\" style=\"width:539px;height:auto\" \/><\/figure><\/div>\n\n\n<p>Ciudad Victoria, Tamaulipas, M\u00e9xico, Am\u00e9rica.- El gobernador Am\u00e9rico Villarreal Anaya presidi\u00f3 este domingo la sesi\u00f3n extraordinaria del Consejo Estatal de Protecci\u00f3n Civil, para dar puntual seguimiento y reforzar todas las medidas de previsi\u00f3n ante el desarrollo de la tormenta tropical Barry, que se mantiene en el Golfo de M\u00e9xico.<\/p>\n\n\n\n<p>\u00abTenemos organizaci\u00f3n y tenemos capacidad resolutiva y podemos responder en coordinaci\u00f3n y en unidad\u00bb, asegur\u00f3 el gobernador ante integrantes del gabinete estatal, representantes de dependencias federales y mandos de la Defensa Nacional, Marina y Guardia Nacional.<\/p>\n\n\n\n<p>Villarreal Anaya pidi\u00f3 seguir atentos, mantener debidamente informada a la poblaci\u00f3n y dar seguimiento a los pron\u00f3sticos, a fin de evitar afectaciones por las precipitaciones que se intensificar\u00e1n desde la tarde de este domingo, principalmente en el sur del estado y la regi\u00f3n ca\u00f1era.<\/p>\n\n\n\n<p>En la sesi\u00f3n, moderada por H\u00e9ctor Joel Villegas Gonz\u00e1lez, secretario general de Gobierno, junto al coordinador estatal de Protecci\u00f3n Civil, Luis Gerardo Gonz\u00e1lez de la Fuente, tambi\u00e9n participaron v\u00eda remota las y los presidentes municipales de El Mante, Madero, Aldama, Altamira y Tampico, y de manera presencial el alcalde de Gonz\u00e1lez, Miguel Alejandro Z\u00fa\u00f1iga.<\/p>\n\n\n\n<p>En la sesi\u00f3n, el meteor\u00f3logo de PC, Jes\u00fas Tovar D\u00edaz, explic\u00f3 que el fen\u00f3meno hidrometeorol\u00f3gico evolucion\u00f3 r\u00e1pidamente desde una depresi\u00f3n tropical,<\/p>\n\n\n\n<p>65 km\/h y rachas que alcanzan los 85 km\/h.<\/p>\n\n\n\n<p>El informe del Servicio Meteorol\u00f3gico Nacional prev\u00e9 que este sistema toque tierra entre la tarde y noche de este mismo domingo, cerca del l\u00edmite entre Veracruz y Tamaulipas.<\/p>\n\n\n\n<p>El meteor\u00f3logo inform\u00f3 que en la zona ca\u00f1era y sur se prev\u00e9n acumulados de precipitaciones de 110 a 130 mm y puntuales de 200 mm.<\/p>\n\n\n\n<p>En la Sierra Madre Oriental se prev\u00e9n acumulados extremos de 300 a 350 mm en el lapso de domingo a mi\u00e9rcoles, mientras que en la zona centro se estiman acumulados de 80 a 100 mm y puntuales de 150 mm.<\/p>\n","protected":false},"excerpt":{"rendered":"<p>Ciudad Victoria, Tamaulipas, M\u00e9xico, Am\u00e9rica.- El gobernador Am\u00e9rico Villarreal Anaya presidi\u00f3 este domingo la sesi\u00f3n&#8230;<\/p>\n","protected":false},"author":1,"featured_media":0,"comment_status":"open","ping_status":"open","sticky":false,"template":"","format":"standard","meta":{"footnotes":""},"categories":[20],"tags":[],"class_list":["post-369703","post","type-post","status-publish","format-standard","hentry","category-tamaulipas"],"gutentor_comment":0,"_links":{"self":[{"href":"https:\/\/www.elplaneta.mx\/index.php?rest_route=\/wp\/v2\/posts\/369703","targetHints":{"allow":["GET"]}}],"collection":[{"href":"https:\/\/www.elplaneta.mx\/index.php?rest_route=\/wp\/v2\/posts"}],"about":[{"href":"https:\/\/www.elplaneta.mx\/index.php?rest_route=\/wp\/v2\/types\/post"}],"author":[{"embeddable":true,"href":"https:\/\/www.elplaneta.mx\/index.php?rest_route=\/wp\/v2\/users\/1"}],"replies":[{"embeddable":true,"href":"https:\/\/www.elplaneta.mx\/index.php?rest_route=%2Fwp%2Fv2%2Fcomments&post=369703"}],"version-history":[{"count":1,"href":"https:\/\/www.elplaneta.mx\/index.php?rest_route=\/wp\/v2\/posts\/369703\/revisions"}],"predecessor-version":[{"id":369705,"href":"https:\/\/www.elplaneta.mx\/index.php?rest_route=\/wp\/v2\/posts\/369703\/revisions\/369705"}],"wp:attachment":[{"href":"https:\/\/www.elplaneta.mx\/index.php?rest_route=%2Fwp%2Fv2%2Fmedia&parent=369703"}],"wp:term":[{"taxonomy":"category","embeddable":true,"href":"https:\/\/www.elplaneta.mx\/index.php?rest_route=%2Fwp%2Fv2%2Fcategories&post=369703"},{"taxonomy":"post_tag","embeddable":true,"href":"https:\/\/www.elplaneta.mx\/index.php?rest_route=%2Fwp%2Fv2%2Ftags&post=369703"}],"curies":[{"name":"wp","href":"https:\/\/api.w.org\/{rel}","templated":true}]}}