{"id":369713,"date":"2025-06-30T09:43:09","date_gmt":"2025-06-30T15:43:09","guid":{"rendered":"https:\/\/www.elplaneta.mx\/?p=369713"},"modified":"2025-06-30T09:43:15","modified_gmt":"2025-06-30T15:43:15","slug":"jeannette-jara-candidata-comunista-arrasa-en-elecciones-primarias-de-chile","status":"publish","type":"post","link":"https:\/\/www.elplaneta.mx\/?p=369713","title":{"rendered":"Jeannette Jara, candidata comunista, arrasa en elecciones primarias de Chile"},"content":{"rendered":"<div class=\"wp-block-image\">\n<figure class=\"alignleft size-full\"><img decoding=\"async\" src=\"https:\/\/www.elplaneta.mx\/wp-content\/themes\/elplaneta\/FOTOS\/30C45764968475.jpg\" alt=\"\" class=\"wp-image-369714\" \/><\/figure><\/div>\n\n\n<p>Santiago, Chile, Am\u00e9rica.- Con 60.1 por ciento de los votos, la representante del Partido Comunista, la ex ministra del Trabajo Jeannette Jara, se impuso arrolladoramente en la elecci\u00f3n primaria de la centroizquierda este domingo en Chile y te\u00f3ricamente ser\u00e1 la candidata \u00fanica del sector en las presidenciales del 16 de noviembre pr\u00f3ximo.<\/p>\n\n\n\n<p>En una jornada marcada por el fr\u00edo -en el sur del pa\u00eds hubo hasta 17 grados bajo cero- y donde la baja participaci\u00f3n en torno a 10 por ciento, fue la caracter\u00edstica principal, Jara consigui\u00f3 810 mil preferencias.<\/p>\n\n\n\n<p>En total sufragaron alrededor de 1.4 millones de personas, muy por debajo de los 2 millones que se vaticinaban.<\/p>\n\n\n\n<p>Le sigui\u00f3 la ex ministra del Interior, Carolina Toh\u00e1, abanderada de los partidos por la Democracia, Socialista, Radical y Liberal, que obtuvo 28 por ciento; mientras que el representante del Frente Amplio, el diputado Gonzalo Winter, sum\u00f3 9 por ciento, muy decepcionante para el partido que llev\u00f3 al poder a Gabriel Boric hace tres a\u00f1os.<\/p>\n\n\n\n<p>Un cuarto candidato, el diputado Jaime Mulet, obten\u00eda 2 por ciento.<\/p>\n\n\n\n<p>La victoria de Jara es tan maciza que de los 345 municipios del pa\u00eds s\u00f3lo perdi\u00f3 en seis.<\/p>\n\n\n\n<p>En su primera reacci\u00f3n tras los resultados, Jara public\u00f3 en X un mensaje diciendo que \u201choy comienza un nuevo camino que recorreremos juntas y juntos, con la convicci\u00f3n de construir un Chile m\u00e1s justo y democr\u00e1tico. Frente a la amenaza de la extrema derecha, respondemos con unidad, di\u00e1logo y esperanza. \u00a1Gracias a todas y todos los que confiaron! Ahora a seguir trabajando\u201d.<\/p>\n\n\n\n<p>Por la noche, al hablar desde su comando tras recibir el saludo de sus contendores, afirm\u00f3 en un discurso que \u201cno quiero a Chile subordinado a gobiernos extranjeros ni modelos externos, por eso mantendr\u00e9 una pol\u00edtica internacional basada en la independencia y el multilateralismo, defensora de los derechos humanos en cualquier lugar del mundo donde se violen, en l\u00ednea con lo que ha sido nuestra tradici\u00f3n como Estado, promoviendo relaciones de intercambio comercial con otras naciones que nos beneficien como pa\u00eds. Seguiremos siendo un pa\u00eds libre, independiente y soberano\u201d.<\/p>\n\n\n\n<p>Tanto Toh\u00e1 como Winter dijeron que har\u00e1n honor al compromiso unitario de la centroizquierda, que aglutinada en la coalici\u00f3n Unidad por Chile, enfrentar\u00e1 a la derecha en noviembre.<\/p>\n\n\n\n<p>No tiene precedentes en Chile que una candidatura del PC lidere y aglutine a la totalidad de la centroizquierda, se trata de un momento hist\u00f3rico que modifica el tablero de la pol\u00edtica.<\/p>\n\n\n\n<p>Jara tiene desaf\u00edos dur\u00edsimos, el primero consolidar una candidatura que enfrentar\u00e1 un descalificador discurso anticomunista y un permanente cuestionamiento respecto de reg\u00edmenes como el de Venezuela, Cuba y Nicaragua.<\/p>\n\n\n\n<p>Una encuesta conocida la noche de este domingo, realizada previo al triunfo de Jara, mostr\u00f3 que con 16 por ciento ella saltaba al segundo lugar en la intenci\u00f3n de voto, por debajo del ultraconservador Jos\u00e9 Antonio Kast, que saltaba al24 por ciento, mientras que la derechista Evelyn Matthei, en carrera hace m\u00e1s de un a\u00f1o, se hund\u00eda al tercer lugar con 10 puntos.<\/p>\n","protected":false},"excerpt":{"rendered":"<p>Santiago, Chile, Am\u00e9rica.- Con 60.1 por ciento de los votos, la representante del Partido Comunista,&#8230;<\/p>\n","protected":false},"author":1,"featured_media":0,"comment_status":"open","ping_status":"open","sticky":false,"template":"","format":"standard","meta":{"footnotes":""},"categories":[139],"tags":[],"class_list":["post-369713","post","type-post","status-publish","format-standard","hentry","category-continental"],"gutentor_comment":0,"_links":{"self":[{"href":"https:\/\/www.elplaneta.mx\/index.php?rest_route=\/wp\/v2\/posts\/369713","targetHints":{"allow":["GET"]}}],"collection":[{"href":"https:\/\/www.elplaneta.mx\/index.php?rest_route=\/wp\/v2\/posts"}],"about":[{"href":"https:\/\/www.elplaneta.mx\/index.php?rest_route=\/wp\/v2\/types\/post"}],"author":[{"embeddable":true,"href":"https:\/\/www.elplaneta.mx\/index.php?rest_route=\/wp\/v2\/users\/1"}],"replies":[{"embeddable":true,"href":"https:\/\/www.elplaneta.mx\/index.php?rest_route=%2Fwp%2Fv2%2Fcomments&post=369713"}],"version-history":[{"count":1,"href":"https:\/\/www.elplaneta.mx\/index.php?rest_route=\/wp\/v2\/posts\/369713\/revisions"}],"predecessor-version":[{"id":369715,"href":"https:\/\/www.elplaneta.mx\/index.php?rest_route=\/wp\/v2\/posts\/369713\/revisions\/369715"}],"wp:attachment":[{"href":"https:\/\/www.elplaneta.mx\/index.php?rest_route=%2Fwp%2Fv2%2Fmedia&parent=369713"}],"wp:term":[{"taxonomy":"category","embeddable":true,"href":"https:\/\/www.elplaneta.mx\/index.php?rest_route=%2Fwp%2Fv2%2Fcategories&post=369713"},{"taxonomy":"post_tag","embeddable":true,"href":"https:\/\/www.elplaneta.mx\/index.php?rest_route=%2Fwp%2Fv2%2Ftags&post=369713"}],"curies":[{"name":"wp","href":"https:\/\/api.w.org\/{rel}","templated":true}]}}