{"id":370117,"date":"2025-07-09T10:56:10","date_gmt":"2025-07-09T16:56:10","guid":{"rendered":"https:\/\/www.elplaneta.mx\/?p=370117"},"modified":"2025-07-09T10:56:17","modified_gmt":"2025-07-09T16:56:17","slug":"conmemoran-fundacion-de-la-facultad-de-agronomia-de-la-uat","status":"publish","type":"post","link":"https:\/\/www.elplaneta.mx\/?p=370117","title":{"rendered":"Conmemoran fundaci\u00f3n de la Facultad de Agronom\u00eda de la UAT"},"content":{"rendered":"\n<p>Por David Z\u00e1rate Cruz<\/p>\n\n\n<div class=\"wp-block-image\">\n<figure class=\"alignleft size-full is-resized\"><img loading=\"lazy\" decoding=\"async\" width=\"672\" height=\"448\" src=\"https:\/\/www.elplaneta.mx\/wp-content\/themes\/elplaneta\/FOTOS\/9U3546845755.jpg\" alt=\"\" class=\"wp-image-370118\" style=\"width:588px;height:auto\" srcset=\"https:\/\/www.elplaneta.mx\/wp-content\/themes\/elplaneta\/FOTOS\/9U3546845755.jpg 672w, https:\/\/www.elplaneta.mx\/wp-content\/themes\/elplaneta\/FOTOS\/9U3546845755-300x200.jpg 300w\" sizes=\"auto, (max-width: 672px) 100vw, 672px\" \/><\/figure><\/div>\n\n\n<p>Ciudad Victoria, Tamaulipas, M\u00e9xico, Am\u00e9rica.- En un significativo encuentro que reuni\u00f3 a exalumnos, acad\u00e9micos, representantes y autoridades estatales y federales de los sectores agropecuario, hidr\u00e1ulico, forestal y ambiental, se llev\u00f3 a cabo un evento conmemorativo por el 58 aniversario de la fundaci\u00f3n de la Facultad de Agronom\u00eda de la Universidad Aut\u00f3noma de Tamaulipas (UAT).<\/p>\n\n\n\n<p>La ceremonia cont\u00f3 con la presencia del rector de la UAT, D\u00e1maso Anaya Alvarado, y el titular de la Secretar\u00eda de Recursos Hidr\u00e1ulicos para el Desarrollo Social del Gobierno de Tamaulipas, Ra\u00fal Quiroga \u00c1lvarez, en un acto que tuvo como prop\u00f3sito conmemorar la historia y los aportes de esta emblem\u00e1tica instituci\u00f3n, adem\u00e1s de fomentar el di\u00e1logo acad\u00e9mico sobre los retos actuales y futuros del campo tamaulipeco y la regi\u00f3n.<\/p>\n\n\n\n<p>Luego de dar la bienvenida a integrantes de la primera generaci\u00f3n de egresados de la antes Facultad de Agronom\u00eda, hoy denominada Facultad de Ingenier\u00eda y Ciencias (FIC), el rector D\u00e1maso Anaya destac\u00f3 la importancia de honrar la fundaci\u00f3n de este plantel universitario y reconocer la trayectoria de quienes han contribuido al desarrollo rural, forestal y ambiental de Tamaulipas.<\/p>\n\n\n\n<p>Subray\u00f3 que para la UAT esta celebraci\u00f3n no solo rememora el pasado, sino que tambi\u00e9n reafirma su compromiso de ser una instituci\u00f3n aliada para el desarrollo rural, la investigaci\u00f3n aplicada y la educaci\u00f3n continua de egresados y profesionistas del sector.<\/p>\n\n\n\n<p>A su vez, el secretario Ra\u00fal Quiroga destac\u00f3 que este acto representa un reconocimiento al valioso legado acad\u00e9mico y profesional que la Facultad de Agronom\u00eda ha brindado a la UAT y al desarrollo del sector agropecuario en la regi\u00f3n.<\/p>\n\n\n\n<p>Destac\u00f3 la trayectoria de sus egresados que han brillado en la academia, la gesti\u00f3n p\u00fablica y el sector financiero, y rindi\u00f3 homenaje a quienes ya no est\u00e1n, honrando su memoria.<\/p>\n\n\n\n<p>En este marco, el director de la FIC, Vicente Paul Sald\u00edvar Alonso present\u00f3 una semblanza destacando que el origen de esta facultad se remonta a 1966, en el contexto de la Revoluci\u00f3n Verde, con la aprobaci\u00f3n de la creaci\u00f3n de la Escuela de Agricultura en Ciudad Victoria, oficialmente inaugurada en 1967.<\/p>\n\n\n\n<p>El evento celebrado en el Polyforum de Ciudad Victoria incluy\u00f3 la ponencia \u201cSector Hidr\u00e1ulico en Tamaulipas\u201d por el Ing. Ra\u00fal Quiroga \u00c1lvarez; las exposiciones \u201cRevegetaci\u00f3n post-incendios\u201d y \u201cAspectos nutricionales de la abeja mel\u00edfera\u201d por el Dr. Alfredo Jos\u00e9 Huerta de la Garza; adem\u00e1s de las conferencias, \u201cCr\u00f3nica de la ciencia agron\u00f3mica\u201d del Ing. Liborio M\u00e9ndez Z\u00fa\u00f1iga; y \u201cFinanciamiento rural\u201d por el Ing. Jorge Luis Gonz\u00e1lez D\u00edaz.<\/p>\n\n\n\n<p>Estuvieron presentes funcionarios del Gobierno del Estado, directivos actuales y exdirectores de la facultad, maestros, exalumnos de diversas generaciones, integrantes del Colegio de Ingenieros Agr\u00f3nomos de Tamaulipas, presidentes de m\u00f3dulos de distritos de riego, estudiantes y personal administrativo.<\/p>\n","protected":false},"excerpt":{"rendered":"<p>Por David Z\u00e1rate Cruz Ciudad Victoria, Tamaulipas, M\u00e9xico, Am\u00e9rica.- En un significativo encuentro que reuni\u00f3&#8230;<\/p>\n","protected":false},"author":1,"featured_media":370118,"comment_status":"open","ping_status":"open","sticky":false,"template":"","format":"standard","meta":{"footnotes":""},"categories":[584],"tags":[],"class_list":["post-370117","post","type-post","status-publish","format-standard","has-post-thumbnail","hentry","category-informacion-oficial"],"gutentor_comment":0,"_links":{"self":[{"href":"https:\/\/www.elplaneta.mx\/index.php?rest_route=\/wp\/v2\/posts\/370117","targetHints":{"allow":["GET"]}}],"collection":[{"href":"https:\/\/www.elplaneta.mx\/index.php?rest_route=\/wp\/v2\/posts"}],"about":[{"href":"https:\/\/www.elplaneta.mx\/index.php?rest_route=\/wp\/v2\/types\/post"}],"author":[{"embeddable":true,"href":"https:\/\/www.elplaneta.mx\/index.php?rest_route=\/wp\/v2\/users\/1"}],"replies":[{"embeddable":true,"href":"https:\/\/www.elplaneta.mx\/index.php?rest_route=%2Fwp%2Fv2%2Fcomments&post=370117"}],"version-history":[{"count":1,"href":"https:\/\/www.elplaneta.mx\/index.php?rest_route=\/wp\/v2\/posts\/370117\/revisions"}],"predecessor-version":[{"id":370119,"href":"https:\/\/www.elplaneta.mx\/index.php?rest_route=\/wp\/v2\/posts\/370117\/revisions\/370119"}],"wp:featuredmedia":[{"embeddable":true,"href":"https:\/\/www.elplaneta.mx\/index.php?rest_route=\/wp\/v2\/media\/370118"}],"wp:attachment":[{"href":"https:\/\/www.elplaneta.mx\/index.php?rest_route=%2Fwp%2Fv2%2Fmedia&parent=370117"}],"wp:term":[{"taxonomy":"category","embeddable":true,"href":"https:\/\/www.elplaneta.mx\/index.php?rest_route=%2Fwp%2Fv2%2Fcategories&post=370117"},{"taxonomy":"post_tag","embeddable":true,"href":"https:\/\/www.elplaneta.mx\/index.php?rest_route=%2Fwp%2Fv2%2Ftags&post=370117"}],"curies":[{"name":"wp","href":"https:\/\/api.w.org\/{rel}","templated":true}]}}