{"id":371226,"date":"2025-07-31T12:11:51","date_gmt":"2025-07-31T18:11:51","guid":{"rendered":"https:\/\/www.elplaneta.mx\/?p=371226"},"modified":"2025-07-31T12:11:56","modified_gmt":"2025-07-31T18:11:56","slug":"crecen-los-asentamientos-informales-en-costa-rica-se-registran-576","status":"publish","type":"post","link":"https:\/\/www.elplaneta.mx\/?p=371226","title":{"rendered":"Crecen los asentamientos informales en Costa Rica: se registran 576"},"content":{"rendered":"<div class=\"wp-block-image\">\n<figure class=\"alignleft size-full\"><img loading=\"lazy\" decoding=\"async\" width=\"512\" height=\"341\" src=\"https:\/\/www.elplaneta.mx\/wp-content\/themes\/elplaneta\/FOTOS\/31C353657464.jpg\" alt=\"\" class=\"wp-image-371221\" srcset=\"https:\/\/www.elplaneta.mx\/wp-content\/themes\/elplaneta\/FOTOS\/31C353657464.jpg 512w, https:\/\/www.elplaneta.mx\/wp-content\/themes\/elplaneta\/FOTOS\/31C353657464-300x200.jpg 300w\" sizes=\"auto, (max-width: 512px) 100vw, 512px\" \/><\/figure><\/div>\n\n\n<p>San Jos\u00e9, Costa Rica, Am\u00e9rica.- Creci\u00f3 un 50% la cantidad de asentamientos informales desde el a\u00f1o 2013. Muchos de ellos se ubican en zonas influenciadas por inundaciones.<\/p>\n\n\n\n<p>Un informe elaborado por la Contralor\u00eda General de la Rep\u00fablica (CGR) concluye que la cantidad de asentamientos informales est\u00e1 creciendo en Costa Rica.<\/p>\n\n\n\n<p>En la actualidad se registran 576 asentamientos de este tipo, lo que significa un aumento del 50% en comparaci\u00f3n con lo registrado en el 2013. Seg\u00fan los datos de la CGR est\u00e1n ubicados en 61 cantones. Distribuidos de la siguiente forma:<\/p>\n\n\n\n<p>&nbsp;&nbsp;&nbsp; Dentro del Gran \u00c1rea Metropolitana: 278 (el 48%)<\/p>\n\n\n\n<p>&nbsp;&nbsp;&nbsp; Fuera del Gran \u00c1rea Metropolitana: 298 (el 52%)<\/p>\n\n\n\n<p>Esta precariedad habitacional y exclusi\u00f3n social ya afecta a 64.128 hogares costarricenses.<\/p>\n\n\n\n<p>Otro de los hallazgos de la CGR es que 170 de los 576 asentamientos informales se ubican parcial o totalmente en zonas potencialmente influenciadas por inundaciones que se dan por el desbordamiento de r\u00edos.<\/p>\n\n\n\n<p>Adem\u00e1s, solo entre el 202 y 2024 se atendieron 127 incendios estructurales en estos asentamientos, lo que tambi\u00e9n se convierte en un riesgo para estas poblaciones.<\/p>\n\n\n\n<p>El ente contralor recuerda que la vivienda digna puede aumentar hasta en 2,4 a\u00f1os la esperanza de vida de las personas. Adem\u00e1s, el Producto Interno Bruto (PIB) per c\u00e1pita podr\u00eda aumentar en un 10,5%.<\/p>\n\n\n\n<p>\u201cCosta Rica enfrenta un ciclo insostenible en el abordaje de la atenci\u00f3n de los asentamientos informales\u201d, dice el informe de la CGR publicado este mi\u00e9rcoles 30 de julio.<\/p>\n\n\n\n<p>\u201cLa persistente expansi\u00f3n y crecimiento de los asentamientos informales no solo expone una deuda hist\u00f3rica con miles de personas en situaci\u00f3n de vulnerabilidad, sino tambi\u00e9n la urgente necesidad de transformar la manera en que el Estado enfrenta esta realidad\u201d, dice el documento.<\/p>\n\n\n\n<p>Repercusiones sobre la Hacienda P\u00fablica<\/p>\n\n\n\n<p>Uno de los enfoques de este informe tiene que ver con las p\u00e9rdidas que registra la Hacienda P\u00fablica debido a estos asentamientos informales. Esto se da porque no pagan impuestos, tampoco tarifas por servicios p\u00fablicos ofrecidos, las actividades comerciales tampoco pagan sus contribuciones, entre otras.<\/p>\n\n\n\n<p>Esto se traduce en p\u00e9rdidas fiscales que refuerzan el ciclo de la exclusi\u00f3n social y el desfinanciamiento institucional.<\/p>\n\n\n\n<p>\u201cLa falta de inversi\u00f3n con una ruta clara y oportuna perpet\u00faa una din\u00e1mica reactiva y limita tanto la recaudaci\u00f3n fiscal como la recuperaci\u00f3n de ingresos por servicios p\u00fablicos, afectando las finanzas del Estado\u201d, indica el informe.<\/p>\n\n\n\n<p>El \u00d3rgano Contralor le solicit\u00f3 a diversas instituciones cuantificar el impacto econ\u00f3mico que representa para el Estado la provisi\u00f3n de servicios y otros pagos del 2022 al 2024 relacionados a asentamientos informales. Estos son los resultados aproximados:<\/p>\n\n\n\n<p>&nbsp;&nbsp;&nbsp; p\u00e9rdida de 18,2 mil millones en el servicio de electricidad<\/p>\n\n\n\n<p>&nbsp;&nbsp;&nbsp; de 4,5 mil millones en el servicio de aguaa potable<\/p>\n\n\n\n<p>&nbsp;&nbsp;&nbsp; 162,9 millones por atenci\u00f3n de incendios estructurales<\/p>\n\n\n\n<p>&nbsp;&nbsp;&nbsp; 91,4 millones por pago de alquiler de desalojo de familias<\/p>\n\n\n\n<p>&nbsp;&nbsp;&nbsp; 690,3 millones en titulaci\u00f3n de lotes en propiedades del IMAS<\/p>\n\n\n\n<p>\u00bfPor qu\u00e9 podr\u00eda estarse agravando la situaci\u00f3n?<\/p>\n\n\n\n<p>La CGR encontr\u00f3 que uno de los problemas tiene que ver con que los asentamientos informales no est\u00e1n plenamente visibilizados. Se\u00f1ala la urgencia de reconocerlos como tal.<\/p>\n\n\n\n<p>Por ejemplo, hay debilidades en la informaci\u00f3n disponible y ausencia de an\u00e1lisis del riesgo de desastre espec\u00edficos para estos territorios.<\/p>\n\n\n\n<p>Tambi\u00e9n se da una insuficiente gesti\u00f3n p\u00fablica frente a la din\u00e1mica de los asentamientos informales.<\/p>\n\n\n\n<p>\u201cNo es posible resolver un problema que, desde su conceptualizaci\u00f3n, no se comprende de una manera integral\u201d, dice el informe publicado por la CGR.<\/p>\n","protected":false},"excerpt":{"rendered":"<p>San Jos\u00e9, Costa Rica, Am\u00e9rica.- Creci\u00f3 un 50% la cantidad de asentamientos informales desde el&#8230;<\/p>\n","protected":false},"author":1,"featured_media":371221,"comment_status":"open","ping_status":"open","sticky":false,"template":"","format":"standard","meta":{"footnotes":""},"categories":[139],"tags":[],"class_list":["post-371226","post","type-post","status-publish","format-standard","has-post-thumbnail","hentry","category-continental"],"gutentor_comment":0,"_links":{"self":[{"href":"https:\/\/www.elplaneta.mx\/index.php?rest_route=\/wp\/v2\/posts\/371226","targetHints":{"allow":["GET"]}}],"collection":[{"href":"https:\/\/www.elplaneta.mx\/index.php?rest_route=\/wp\/v2\/posts"}],"about":[{"href":"https:\/\/www.elplaneta.mx\/index.php?rest_route=\/wp\/v2\/types\/post"}],"author":[{"embeddable":true,"href":"https:\/\/www.elplaneta.mx\/index.php?rest_route=\/wp\/v2\/users\/1"}],"replies":[{"embeddable":true,"href":"https:\/\/www.elplaneta.mx\/index.php?rest_route=%2Fwp%2Fv2%2Fcomments&post=371226"}],"version-history":[{"count":1,"href":"https:\/\/www.elplaneta.mx\/index.php?rest_route=\/wp\/v2\/posts\/371226\/revisions"}],"predecessor-version":[{"id":371227,"href":"https:\/\/www.elplaneta.mx\/index.php?rest_route=\/wp\/v2\/posts\/371226\/revisions\/371227"}],"wp:featuredmedia":[{"embeddable":true,"href":"https:\/\/www.elplaneta.mx\/index.php?rest_route=\/wp\/v2\/media\/371221"}],"wp:attachment":[{"href":"https:\/\/www.elplaneta.mx\/index.php?rest_route=%2Fwp%2Fv2%2Fmedia&parent=371226"}],"wp:term":[{"taxonomy":"category","embeddable":true,"href":"https:\/\/www.elplaneta.mx\/index.php?rest_route=%2Fwp%2Fv2%2Fcategories&post=371226"},{"taxonomy":"post_tag","embeddable":true,"href":"https:\/\/www.elplaneta.mx\/index.php?rest_route=%2Fwp%2Fv2%2Ftags&post=371226"}],"curies":[{"name":"wp","href":"https:\/\/api.w.org\/{rel}","templated":true}]}}