{"id":371281,"date":"2025-08-02T10:37:15","date_gmt":"2025-08-02T16:37:15","guid":{"rendered":"https:\/\/www.elplaneta.mx\/?p=371281"},"modified":"2025-08-02T10:37:21","modified_gmt":"2025-08-02T16:37:21","slug":"tamaulipas-sigue-creciendo","status":"publish","type":"post","link":"https:\/\/www.elplaneta.mx\/?p=371281","title":{"rendered":"Tamaulipas sigue creciendo"},"content":{"rendered":"\n<p>Por Oscar Contreras Nava<\/p>\n\n\n\n<p>A pesar de los comentarios que hacen los enemigos de Tamaulipas en las redes sociales, el INEGI dio a conocer que el estado tuvo un crecimiento econ\u00f3mico del 2.7% gracias a lo que sucede en el sector agropecuario, el comercio y los servicios.<\/p>\n\n\n\n<p>Sucede que los hijos de Trump quisieran que el estado se viniera abajo y no se tuviera gobernabilidad ni la seguridad que se tiene, pero no hay que irse con rumores e inventos que son creados en Texas, porque son una epidemia.<\/p>\n\n\n\n<p>Esto indica que el gobierno de Am\u00e9rico Villarreal aplica de manera destacada el Plan M\u00e9xico por lo que Tamaulipas se mantiene entre los 10 primeros estados y eso mismo hace que el pa\u00eds siga en la ruta del segundo piso de la transformaci\u00f3n.<\/p>\n\n\n\n<p>Este indicador econ\u00f3mico corresponde al primer trimestre de 2025 y se espera que para el pr\u00f3ximo crezca a\u00fan m\u00e1s la econom\u00eda en otros sectores, ya que existen varias empresas extranjeras que llegar\u00e1n a instalarse lo que es una buena se\u00f1al para la econom\u00eda estatal.<\/p>\n\n\n\n<p>Es importante comentar que, a pesar de las protestas y bloqueo de carreteras en la parte norte del estado, el sector primario creci\u00f3 en un 2.04 y no existe ninguna preocupaci\u00f3n por parte del gobierno estatal para que en el pr\u00f3ximo trimestre suceda lo contrario.<\/p>\n\n\n\n<p>Por lo pronto se sabe que el gobernador Am\u00e9rico Villarreal Anaya ha vuelto a llevar a la Ciudad de M\u00e9xico la demanda de los productores agr\u00edcolas del norte del estado y todo indica que pronto habr\u00e1 noticias positivas.<\/p>\n\n\n\n<p>El secretario Berdegu\u00e9 Sacrist\u00e1n reconoci\u00f3 el trabajo del gobernador y coment\u00f3 que siempre lo hace por el bien de los productores y coment\u00f3:<\/p>\n\n\n\n<p>\u201cEs de los gobernadores con quien da gusto trabajar porque siempre est\u00e1 atento a las necesidades del campo de Tamaulipas; por eso vamos, con el apoyo de la presidenta Claudia Sheinbaum, a atender a los productores del estado\u201d.<\/p>\n\n\n\n<p>De salida. R\u00f3mulo P\u00e9rez S\u00e1nchez exagera al hacer un llamado a los morenistas para que se acaben los esc\u00e1ndalos, se\u00f1alamientos y excesos entre los militantes de su partido porque en su opini\u00f3n est\u00e1n complicando el escenario del 2027.<\/p>\n\n\n\n<p>Lo que debe hacer R\u00f3mulo es dejar de ver las redes sociales porque al parecer ya se enajen\u00f3 de las mentiras de aquellos enemigos de la 4T que se la pasan subiendo rumores, porque la verdad no hay nada de esc\u00e1ndalos, salvo los que provocan sus invitaciones especiales a ciertos aspirantes con los cu\u00e1les al parecer tiene un acuerdo.<\/p>\n\n\n\n<p>Y eso s\u00ed provoca esc\u00e1ndalo y es \u00e9l quien debe mantener una posici\u00f3n m\u00e1s equilibrada y tolerante con todos los aspirantes porque eso de abrirse con mucho tiempo por uno de los posibles candidatos hablan muy mal de su posici\u00f3n dentro del partido.<\/p>\n\n\n\n<p>As\u00ed que le sugerimos que tenga tolerancia y no se vaya con las fintas que env\u00edan los enemigos de la Segunda Transformaci\u00f3n, porque lo que est\u00e1n esperando es que dentro de las filas de MORENA exista inconformidad y divisi\u00f3n.<\/p>\n\n\n\n<p>Finalmente, a casi un a\u00f1o de que inici\u00f3 el gobierno de Claudia Sheinbaum se recuerda que los conservadores estuvieron dale que dale sobre su posible deslinde de AMLO.<\/p>\n\n\n\n<p>Sin embargo, como eso no es posible ahora que ha empezado a deshacerse de los colaboradores que le dej\u00f3 para obstaculizar su gobierno, ni siquiera con eso la apoyan.<\/p>\n\n\n\n<p>Ojal\u00e1 que pronto se den cuenta que es mejor estar con la presidenta Sheinbaum que seguir lament\u00e1ndose -por lo que no pueden hacer ni har\u00e1n- porque cuando tuvieron el poder, todo lo echaron a perder por la vulgar ambici\u00f3n que los distingue. Ni m\u00e1s ni menos.<\/p>\n","protected":false},"excerpt":{"rendered":"<p>Por Oscar Contreras Nava A pesar de los comentarios que hacen los enemigos de Tamaulipas&#8230;<\/p>\n","protected":false},"author":1,"featured_media":0,"comment_status":"open","ping_status":"open","sticky":false,"template":"","format":"standard","meta":{"footnotes":""},"categories":[5],"tags":[],"class_list":["post-371281","post","type-post","status-publish","format-standard","hentry","category-opinion"],"gutentor_comment":0,"_links":{"self":[{"href":"https:\/\/www.elplaneta.mx\/index.php?rest_route=\/wp\/v2\/posts\/371281","targetHints":{"allow":["GET"]}}],"collection":[{"href":"https:\/\/www.elplaneta.mx\/index.php?rest_route=\/wp\/v2\/posts"}],"about":[{"href":"https:\/\/www.elplaneta.mx\/index.php?rest_route=\/wp\/v2\/types\/post"}],"author":[{"embeddable":true,"href":"https:\/\/www.elplaneta.mx\/index.php?rest_route=\/wp\/v2\/users\/1"}],"replies":[{"embeddable":true,"href":"https:\/\/www.elplaneta.mx\/index.php?rest_route=%2Fwp%2Fv2%2Fcomments&post=371281"}],"version-history":[{"count":1,"href":"https:\/\/www.elplaneta.mx\/index.php?rest_route=\/wp\/v2\/posts\/371281\/revisions"}],"predecessor-version":[{"id":371282,"href":"https:\/\/www.elplaneta.mx\/index.php?rest_route=\/wp\/v2\/posts\/371281\/revisions\/371282"}],"wp:attachment":[{"href":"https:\/\/www.elplaneta.mx\/index.php?rest_route=%2Fwp%2Fv2%2Fmedia&parent=371281"}],"wp:term":[{"taxonomy":"category","embeddable":true,"href":"https:\/\/www.elplaneta.mx\/index.php?rest_route=%2Fwp%2Fv2%2Fcategories&post=371281"},{"taxonomy":"post_tag","embeddable":true,"href":"https:\/\/www.elplaneta.mx\/index.php?rest_route=%2Fwp%2Fv2%2Ftags&post=371281"}],"curies":[{"name":"wp","href":"https:\/\/api.w.org\/{rel}","templated":true}]}}