{"id":371411,"date":"2025-08-04T17:47:39","date_gmt":"2025-08-04T23:47:39","guid":{"rendered":"https:\/\/www.elplaneta.mx\/?p=371411"},"modified":"2025-08-04T17:47:45","modified_gmt":"2025-08-04T23:47:45","slug":"joven-pelotero-de-altamira-tamaulipas-debuta-con-diablos-rojos-del-mexico","status":"publish","type":"post","link":"https:\/\/www.elplaneta.mx\/?p=371411","title":{"rendered":"Joven pelotero de Altamira Tamaulipas, debuta con Diablos Rojos del M\u00e9xico"},"content":{"rendered":"<div class=\"wp-block-image\">\n<figure class=\"alignleft size-full\"><img loading=\"lazy\" decoding=\"async\" width=\"468\" height=\"373\" src=\"https:\/\/www.elplaneta.mx\/wp-content\/themes\/elplaneta\/FOTOS\/4-ELJOVEN-NOTA-1.jpg\" alt=\"\" class=\"wp-image-371412\" srcset=\"https:\/\/www.elplaneta.mx\/wp-content\/themes\/elplaneta\/FOTOS\/4-ELJOVEN-NOTA-1.jpg 468w, https:\/\/www.elplaneta.mx\/wp-content\/themes\/elplaneta\/FOTOS\/4-ELJOVEN-NOTA-1-300x239.jpg 300w\" sizes=\"auto, (max-width: 468px) 100vw, 468px\" \/><\/figure><\/div>\n\n\n<p>Ciudad Victoria, Tamaulipas, M\u00e9xico, Am\u00e9rica.- Con apenas 16 a\u00f1os de edad el tamaulipeco, Felipe de Jes\u00fas Hern\u00e1ndez Castillo cumpli\u00f3 uno de sus primeros sue\u00f1os deportivos al debutar este fin de semana con los Diablos Rojos del M\u00e9xico en la Liga Mexicana de B\u00e9isbol, lo que deja una gran satisfacci\u00f3n y orgullo a su familia y amigos que lo han venido apoyando.<\/p>\n\n\n\n<p>Originario del Barrio La Pedrera en Altamira, Tamaulipas, fue elegido como abridor ante los Olmecas de Tabasco, en un juego que finaliz\u00f3 con victoria para los capitalinos, 14 carreras a 7 en el que tuvo una buen actuaci\u00f3n pese a su corta edad..<\/p>\n\n\n\n<p>Felipe de Jes\u00fas Hern\u00e1ndez fue formado en la Academia Alfredo Harp Hel\u00fa y considerado prospecto de los Yankees de Nueva York, el tamaulipeco trabaj\u00f3 un tercio de entrada en su estreno en el mont\u00edculo con una buena serie de lanzamientos.<\/p>\n\n\n\n<p>Fueron 16 los lanzamientos que realiz\u00f3, permiti\u00f3 un imparable y otorg\u00f3 dos bases por bolas. Aunque breve, su actuaci\u00f3n marc\u00f3 un paso importante en su incipiente carrera profesional.<\/p>\n\n\n\n<p>Fue integrado a la plantilla de Diablos desde el inicio de la temporada 2025, Felipe expres\u00f3 sentirse emocionado por esta primera experiencia en el m\u00e1ximo circuito del b\u00e9isbol nacional, justo en la antesala de la postemporada.<\/p>\n\n\n\n<p>Por lo pronto su nombre ya comienza a resonar entre las j\u00f3venes promesas del deporte mexicano y sobre todo de los tamaulipecos que lo siguen apoyando.<\/p>\n\n\n\n<p><\/p>\n","protected":false},"excerpt":{"rendered":"<p>Ciudad Victoria, Tamaulipas, M\u00e9xico, Am\u00e9rica.- Con apenas 16 a\u00f1os de edad el tamaulipeco, Felipe de&#8230;<\/p>\n","protected":false},"author":1,"featured_media":371412,"comment_status":"open","ping_status":"open","sticky":false,"template":"","format":"standard","meta":{"footnotes":""},"categories":[8],"tags":[],"class_list":["post-371411","post","type-post","status-publish","format-standard","has-post-thumbnail","hentry","category-deportes"],"gutentor_comment":0,"_links":{"self":[{"href":"https:\/\/www.elplaneta.mx\/index.php?rest_route=\/wp\/v2\/posts\/371411","targetHints":{"allow":["GET"]}}],"collection":[{"href":"https:\/\/www.elplaneta.mx\/index.php?rest_route=\/wp\/v2\/posts"}],"about":[{"href":"https:\/\/www.elplaneta.mx\/index.php?rest_route=\/wp\/v2\/types\/post"}],"author":[{"embeddable":true,"href":"https:\/\/www.elplaneta.mx\/index.php?rest_route=\/wp\/v2\/users\/1"}],"replies":[{"embeddable":true,"href":"https:\/\/www.elplaneta.mx\/index.php?rest_route=%2Fwp%2Fv2%2Fcomments&post=371411"}],"version-history":[{"count":1,"href":"https:\/\/www.elplaneta.mx\/index.php?rest_route=\/wp\/v2\/posts\/371411\/revisions"}],"predecessor-version":[{"id":371413,"href":"https:\/\/www.elplaneta.mx\/index.php?rest_route=\/wp\/v2\/posts\/371411\/revisions\/371413"}],"wp:featuredmedia":[{"embeddable":true,"href":"https:\/\/www.elplaneta.mx\/index.php?rest_route=\/wp\/v2\/media\/371412"}],"wp:attachment":[{"href":"https:\/\/www.elplaneta.mx\/index.php?rest_route=%2Fwp%2Fv2%2Fmedia&parent=371411"}],"wp:term":[{"taxonomy":"category","embeddable":true,"href":"https:\/\/www.elplaneta.mx\/index.php?rest_route=%2Fwp%2Fv2%2Fcategories&post=371411"},{"taxonomy":"post_tag","embeddable":true,"href":"https:\/\/www.elplaneta.mx\/index.php?rest_route=%2Fwp%2Fv2%2Ftags&post=371411"}],"curies":[{"name":"wp","href":"https:\/\/api.w.org\/{rel}","templated":true}]}}