{"id":371986,"date":"2025-08-18T12:03:21","date_gmt":"2025-08-18T18:03:21","guid":{"rendered":"https:\/\/www.elplaneta.mx\/?p=371986"},"modified":"2025-08-18T12:03:26","modified_gmt":"2025-08-18T18:03:26","slug":"por-vacios-de-representacion-hay-muchos-abusos-escolares-en-tamaulipas","status":"publish","type":"post","link":"https:\/\/www.elplaneta.mx\/?p=371986","title":{"rendered":"Por vac\u00edos de representaci\u00f3n hay muchos abusos escolares en Tamaulipas"},"content":{"rendered":"<div class=\"wp-block-image\">\n<figure class=\"alignleft size-full is-resized\"><img decoding=\"async\" src=\"https:\/\/www.elplaneta.mx\/wp-content\/themes\/elplaneta\/FOTOS\/Jose-Alejandro-Aguila-Arguelles.jpg\" alt=\"\" class=\"wp-image-358449\" style=\"width:477px;height:auto\" \/><figcaption class=\"wp-element-caption\">Jos\u00e9 Alejandro \u00c1guila Arguelles<\/figcaption><\/figure><\/div>\n\n\n<p>Ciudad Victoria, Tamaulipas, M\u00e9xico, Am\u00e9rica.- Aunque la legislaci\u00f3n estatal reconoce la existencia de asociaciones de padres de familia como instancias de participaci\u00f3n y defensa dentro del sistema educativo, en la pr\u00e1ctica esta figura ha quedado desactivada.<\/p>\n\n\n\n<p>&nbsp;El Reglamento para su constituci\u00f3n y la Ley de Educaci\u00f3n de Tamaulipas establecen su car\u00e1cter legal y sus funciones, pero desde hace a\u00f1os no hay representaci\u00f3n estatal activa que cumpla con esta responsabilidad.<\/p>\n\n\n\n<p>Esta omisi\u00f3n ha generado un vac\u00edo que facilita abusos escolares como el cobro de cuotas indebidas, decisiones arbitrarias por parte de directivos y la falta de mecanismos de defensa colectiva.<\/p>\n\n\n\n<p>Como se\u00f1al\u00f3 Jos\u00e9 Alejandro \u00c1guila Arg\u00fcelles, representante de la\u00a0 Asociaci\u00f3n Nacional de Padres de Familia (ANPAF), la ausencia de representaci\u00f3n ha normalizado los atropellos en muchas escuelas, donde los padres enfrentan solos problemas que requieren soluciones institucionales.<\/p>\n\n\n\n<p>\u201cQue pasa si deciden no llevar su queja ante la SEP pero la redactan a mano y si no tienen asociaci\u00f3n estatal de padres en Tamaulipas o no le dan el curso que debe de ser, los invito a enviarla a la asociaci\u00f3n nacional por correo electr\u00f3nico y yo hago que camine presentando dicha queja a la Secretar\u00eda de Educaci\u00f3n\u201d.<\/p>\n\n\n\n<p>Aclar\u00f3 que para que la queja trascienda, los afectados deben presentar pruebas y elementos que demuestren que el director est\u00e1 imponiendo la aportaci\u00f3n voluntaria en la escuela.<\/p>\n","protected":false},"excerpt":{"rendered":"<p>Ciudad Victoria, Tamaulipas, M\u00e9xico, Am\u00e9rica.- Aunque la legislaci\u00f3n estatal reconoce la existencia de asociaciones de&#8230;<\/p>\n","protected":false},"author":1,"featured_media":0,"comment_status":"open","ping_status":"open","sticky":false,"template":"","format":"standard","meta":{"footnotes":""},"categories":[20],"tags":[],"class_list":["post-371986","post","type-post","status-publish","format-standard","hentry","category-tamaulipas"],"gutentor_comment":0,"_links":{"self":[{"href":"https:\/\/www.elplaneta.mx\/index.php?rest_route=\/wp\/v2\/posts\/371986","targetHints":{"allow":["GET"]}}],"collection":[{"href":"https:\/\/www.elplaneta.mx\/index.php?rest_route=\/wp\/v2\/posts"}],"about":[{"href":"https:\/\/www.elplaneta.mx\/index.php?rest_route=\/wp\/v2\/types\/post"}],"author":[{"embeddable":true,"href":"https:\/\/www.elplaneta.mx\/index.php?rest_route=\/wp\/v2\/users\/1"}],"replies":[{"embeddable":true,"href":"https:\/\/www.elplaneta.mx\/index.php?rest_route=%2Fwp%2Fv2%2Fcomments&post=371986"}],"version-history":[{"count":1,"href":"https:\/\/www.elplaneta.mx\/index.php?rest_route=\/wp\/v2\/posts\/371986\/revisions"}],"predecessor-version":[{"id":371987,"href":"https:\/\/www.elplaneta.mx\/index.php?rest_route=\/wp\/v2\/posts\/371986\/revisions\/371987"}],"wp:attachment":[{"href":"https:\/\/www.elplaneta.mx\/index.php?rest_route=%2Fwp%2Fv2%2Fmedia&parent=371986"}],"wp:term":[{"taxonomy":"category","embeddable":true,"href":"https:\/\/www.elplaneta.mx\/index.php?rest_route=%2Fwp%2Fv2%2Fcategories&post=371986"},{"taxonomy":"post_tag","embeddable":true,"href":"https:\/\/www.elplaneta.mx\/index.php?rest_route=%2Fwp%2Fv2%2Ftags&post=371986"}],"curies":[{"name":"wp","href":"https:\/\/api.w.org\/{rel}","templated":true}]}}