{"id":372736,"date":"2025-08-31T13:33:53","date_gmt":"2025-08-31T19:33:53","guid":{"rendered":"https:\/\/www.elplaneta.mx\/?p=372736"},"modified":"2025-08-31T13:33:58","modified_gmt":"2025-08-31T19:33:58","slug":"impulsa-la-gubernatura-de-tamaulipas-desarrollo-urbano-con-nuevas-luminarias","status":"publish","type":"post","link":"https:\/\/www.elplaneta.mx\/?p=372736","title":{"rendered":"Impulsa la Gubernatura de Tamaulipas, desarrollo urbano con nuevas luminarias"},"content":{"rendered":"<div class=\"wp-block-image\">\n<figure class=\"alignleft size-full\"><img loading=\"lazy\" decoding=\"async\" width=\"640\" height=\"360\" src=\"https:\/\/www.elplaneta.mx\/wp-content\/themes\/elplaneta\/FOTOS\/31T36395845.jpeg\" alt=\"\" class=\"wp-image-372737\" srcset=\"https:\/\/www.elplaneta.mx\/wp-content\/themes\/elplaneta\/FOTOS\/31T36395845.jpeg 640w, https:\/\/www.elplaneta.mx\/wp-content\/themes\/elplaneta\/FOTOS\/31T36395845-300x169.jpeg 300w\" sizes=\"auto, (max-width: 640px) 100vw, 640px\" \/><\/figure><\/div>\n\n\n<p>Ciudad Victoria, Tamaulipas, M\u00e9xico, Am\u00e9rica.- El Gobierno de Am\u00e9rico Villarreal Anaya, fortalece la infraestructura urbana de Tamaulipas con proyectos de energ\u00eda el\u00e9ctrica que mejoran la vida de las familias y generan ciudades m\u00e1s seguras y modernas. A trav\u00e9s de la Secretar\u00eda de Obras P\u00fablicas (SOP), se han instalado m\u00e1s de 1,700 luminarias en distintos municipios de la entidad, como parte de una estrategia integral que vincula el desarrollo social con la infraestructura energ\u00e9tica.<\/p>\n\n\n\n<p>Alineados a la visi\u00f3n de impulsar el desarrollo social y el bienestar de toda la poblaci\u00f3n tamaulipeca, el titular de la SOP, Pedro Cepeda Anaya refiri\u00f3 que se han implementado diversas acciones para mejorar el alumbrado p\u00fablico en todas las regiones de la entidad.<\/p>\n\n\n\n<p>Asimismo, destac\u00f3 que estas acciones responden a la visi\u00f3n de un gobierno que coloca al bienestar ciudadano como prioridad. Se\u00f1al\u00f3 que la modernizaci\u00f3n del alumbrado p\u00fablico mediante tecnolog\u00eda LED y l\u00e1mparas solares permite reducir el consumo energ\u00e9tico, iluminar mejor las vialidades y reforzar la seguridad en espacios p\u00fablicos.<\/p>\n\n\n\n<p>\u201cLa modernizaci\u00f3n del alumbrado p\u00fablico, es parte fundamental de la transformaci\u00f3n de Tamaulipas, con la cual, mejora la calidad de vida de las y los ciudadanos, adem\u00e1s de garantizar su seguridad al transitar por las vialidades de todo el territorio tamaulipeco\u201d, concluy\u00f3 Cepeda Anaya.<\/p>\n","protected":false},"excerpt":{"rendered":"<p>Ciudad Victoria, Tamaulipas, M\u00e9xico, Am\u00e9rica.- El Gobierno de Am\u00e9rico Villarreal Anaya, fortalece la infraestructura urbana&#8230;<\/p>\n","protected":false},"author":1,"featured_media":372737,"comment_status":"open","ping_status":"open","sticky":false,"template":"","format":"standard","meta":{"footnotes":""},"categories":[584],"tags":[],"class_list":["post-372736","post","type-post","status-publish","format-standard","has-post-thumbnail","hentry","category-informacion-oficial"],"gutentor_comment":0,"_links":{"self":[{"href":"https:\/\/www.elplaneta.mx\/index.php?rest_route=\/wp\/v2\/posts\/372736","targetHints":{"allow":["GET"]}}],"collection":[{"href":"https:\/\/www.elplaneta.mx\/index.php?rest_route=\/wp\/v2\/posts"}],"about":[{"href":"https:\/\/www.elplaneta.mx\/index.php?rest_route=\/wp\/v2\/types\/post"}],"author":[{"embeddable":true,"href":"https:\/\/www.elplaneta.mx\/index.php?rest_route=\/wp\/v2\/users\/1"}],"replies":[{"embeddable":true,"href":"https:\/\/www.elplaneta.mx\/index.php?rest_route=%2Fwp%2Fv2%2Fcomments&post=372736"}],"version-history":[{"count":1,"href":"https:\/\/www.elplaneta.mx\/index.php?rest_route=\/wp\/v2\/posts\/372736\/revisions"}],"predecessor-version":[{"id":372738,"href":"https:\/\/www.elplaneta.mx\/index.php?rest_route=\/wp\/v2\/posts\/372736\/revisions\/372738"}],"wp:featuredmedia":[{"embeddable":true,"href":"https:\/\/www.elplaneta.mx\/index.php?rest_route=\/wp\/v2\/media\/372737"}],"wp:attachment":[{"href":"https:\/\/www.elplaneta.mx\/index.php?rest_route=%2Fwp%2Fv2%2Fmedia&parent=372736"}],"wp:term":[{"taxonomy":"category","embeddable":true,"href":"https:\/\/www.elplaneta.mx\/index.php?rest_route=%2Fwp%2Fv2%2Fcategories&post=372736"},{"taxonomy":"post_tag","embeddable":true,"href":"https:\/\/www.elplaneta.mx\/index.php?rest_route=%2Fwp%2Fv2%2Ftags&post=372736"}],"curies":[{"name":"wp","href":"https:\/\/api.w.org\/{rel}","templated":true}]}}