{"id":372766,"date":"2025-09-01T09:59:10","date_gmt":"2025-09-01T15:59:10","guid":{"rendered":"https:\/\/www.elplaneta.mx\/?p=372766"},"modified":"2025-09-01T09:59:14","modified_gmt":"2025-09-01T15:59:14","slug":"arranca-el-nuevo-ciclo-escolar-2025-26","status":"publish","type":"post","link":"https:\/\/www.elplaneta.mx\/?p=372766","title":{"rendered":"Arranca el nuevo ciclo escolar 2025-26"},"content":{"rendered":"\n<p>Por Roberto Olvera P\u00e9rez<\/p>\n\n\n\n<p>&nbsp;&nbsp;&nbsp;&nbsp;&nbsp;&nbsp;&nbsp;&nbsp;&nbsp;&nbsp;&nbsp; El nuevo ciclo escolar 2025-2026 en Tamaulipas, arranca oficialmente este lunes 1 de septiembre de 2025 para las escuelas de educaci\u00f3n b\u00e1sica y se extiende hasta el 10 de julio de 2026, seg\u00fan los calendarios oficiales publicados por las autoridades educativas estatales y federales. 185 d\u00edas de clases ininterrumpidos y ser\u00e1 obligatorio y de aplicaci\u00f3n nacional.<\/p>\n\n\n\n<p>&nbsp;&nbsp;&nbsp;&nbsp;&nbsp;&nbsp;&nbsp;&nbsp;&nbsp;&nbsp;&nbsp; Lo pondr\u00e1 en marcha el gobernador del estado, Dr. Am\u00e9rico Villarreal Anaya desde la Escuela Primaria \u201cFelipe de la Garza\u201d, en Soto La Marina y precisamente desde ah\u00ed, simult\u00e1neamente se mandar\u00e1 la se\u00f1al a todos los dem\u00e1s municipios de la entidad. Ah\u00ed estar\u00e1 presente tambi\u00e9n el titular del ramo, Dr. Miguel \u00c1ngel Valdez Garc\u00eda, en la ceremonia oficial del arranque de clases del nuevo ciclo lectivo, autoridades educativas y sindicales, al frente el Profr. Arnulfo Rodr\u00edguez Trevi\u00f1o, Secretario General de la Secci\u00f3n 30 del SNTE. La anfitriona del evento ser\u00e1 la alcaldesa Glynnis Jim\u00e9nez V\u00e1zquez y como invitado de honor estar\u00e1 presente el rector de la UAT, el MVZ. D\u00e1maso Anaya Alvarado.<\/p>\n\n\n\n<p>Y como el a\u00f1o anterior, en los principales distritos y regiones del estado, estar\u00e1 presente gente del gabinete, secretarios, sub secretarios, directores generales, para poner en marcha este importante d\u00eda en los 42 municipios restantes de la entidad y seleccionando cada plantel educativo de educaci\u00f3n b\u00e1sica, siendo sus anfitriones y anfitrionas las y los alcaldes.<\/p>\n\n\n\n<p>&nbsp;&nbsp;&nbsp;&nbsp;&nbsp;&nbsp;&nbsp;&nbsp;&nbsp;&nbsp;&nbsp; Por ejemplo, en Jaumave se arranca en la Escuela Secundaria \u201cEmilio Portes Gil\u201d; en Palmillas ser\u00e1 en la Telesecundaria \u201cMiguel Hidalgo\u201d y va de representante del gober la Mtra. Elvia Ver\u00f3nica Loredo Hern\u00e1ndez, Subsecretaria de Desarrollo y Promoci\u00f3n Tur\u00edstica; en G\u00fcemez concurrir\u00e1 en la Tele Secundaria \u201cRam\u00f3n Dur\u00f3n Ruiz\u201d del Ejido Servando Canales, contando con la presencia de Norma Ang\u00e9lica Pedraza Melo, Secretaria de Anticorrupci\u00f3n y Buen Gobierno, quien lleva la encomienda del n\u00famero uno de Tamaulipas.<\/p>\n\n\n\n<p>&nbsp;&nbsp;&nbsp;&nbsp;&nbsp;&nbsp;&nbsp;&nbsp;&nbsp;&nbsp;&nbsp; En el Pueblo M\u00e1gico de Tula se inicia en la Escuela Secundaria General \u00abAlberto Carrera Torres\u00bb y va de representante personal del mandatario tamaulipeco, el Dr. Vicente Joel Hern\u00e1ndez Navarro, Secretario de Salud; en Altamira se pone en marcha en la Escuela Secundaria T\u00e9cnica 55 \u201cExpropiaci\u00f3n Petrolera\u201d, representando al Ejecutivo Estatal la titular de la Secretar\u00eda de Desarrollo Urbano y Medio Ambiente (SEDUMA), Karina Lizeth Sald\u00edvar Lartigue y y el Subsecretario de Bienestar Social Samuel Badillo Amador va a Nuevo Morelos, a la Escuela Secundaria General \u201cJuan Mart\u00ednez Garc\u00eda\u201d, con la honrosa representaci\u00f3n de Villarreal Anaya.<\/p>\n\n\n\n<p>&nbsp;&nbsp;&nbsp;&nbsp;&nbsp;&nbsp;&nbsp;&nbsp;&nbsp;&nbsp;&nbsp; Que el Secretario General de Gobierno, H\u00e9ctor Joel Villegas Gonz\u00e1lez va a Reynosa a la Escuela Primaria \u201cLauro Aguirre\u201d; Tomas Gloria Requena, Subsecretario de Gobierno, estar\u00e1 presente en el poblado del Barretal en Padilla, en el Jard\u00edn de Ni\u00f1os \u201cAlborada\u201d y la Secretar\u00eda de Bienestar Social, Silvia Casas Gonz\u00e1lez.&nbsp; Hasta redactar estas l\u00edneas no ten\u00edamos el dato oficial de que escuela era este \u00faltimo municipio, pero todos los representantes personales seguramente destacaran la vocaci\u00f3n humanista del gobernador Am\u00e9rico Villarreal Anaya para apoyar la econom\u00eda familiar con uniformes y \u00fatiles escolares. Pendientes.<\/p>\n\n\n\n<p>NOTAS CORTAS<\/p>\n\n\n\n<p>&nbsp;&nbsp;&nbsp;&nbsp;&nbsp;&nbsp;&nbsp;&nbsp;&nbsp;&nbsp;&nbsp; 1.- Por cierto, todo hace indicar que entre la SET y SNTE, s\u00ed, hay entendimiento y buena relaci\u00f3n, pues los recientes nombramientos lo dicen todo y a partir de hoy se oficializan. Que son alrededor de 18 propuestas en la estructura educativa por parte de la Secci\u00f3n 30 del gremio sindical.<\/p>\n\n\n\n<p>&nbsp;&nbsp;&nbsp;&nbsp;&nbsp;&nbsp;&nbsp;&nbsp;&nbsp;&nbsp;&nbsp; 2.- Por cierto, este lunes 1 de septiembre de 2025, la presidenta, la Dra. Claudia Sheinbaum Pardo presentar\u00e1 ante el Congreso de la Uni\u00f3n su Primer Informe de Gobierno, lo que ha generado dudas entre trabajadores y estudiantes sobre si ese d\u00eda ser\u00e1 feriado, si habr\u00e1 pago doble y si se suspender\u00e1n las clases.<\/p>\n\n\n\n<p>&nbsp;&nbsp;&nbsp;&nbsp;&nbsp;&nbsp;&nbsp;&nbsp;&nbsp;&nbsp;&nbsp; \u00bfEs feriado el 1 de septiembre de 2025?<\/p>\n\n\n\n<p>De acuerdo con la Ley Federal del Trabajo (LFT), el 1 de septiembre no est\u00e1 considerado como d\u00eda de descanso obligatorio. As\u00ed que no se hagan ilusiones y hay que trabajar.<\/p>\n\n\n\n<p>3.- Lo cierto, es que no sabemos si va el gobernador del estado AVA al Primer Informe de Gobierno de la Presidenta CSP, bajo el lema: \u201cPor el bien de todos, primero los pobres\u201d,&nbsp; pues es a las 11:00 horas en Palacio Nacional y por lo prematuro del arranque del nuevo ciclo escolar creemos que no asista, pero podr\u00eda ir a la toma de protesta de los nuevos ministros de la SCJN a eso de las 22:00 horas, donde estar\u00e1 presente la mandatar\u00eda nacional.<\/p>\n\n\n\n<p>Por hoy es todo, en la pr\u00f3xima seguiremos dialogando del acontecer pol\u00edtico tamaulipeco.<\/p>\n","protected":false},"excerpt":{"rendered":"<p>Por Roberto Olvera P\u00e9rez &nbsp;&nbsp;&nbsp;&nbsp;&nbsp;&nbsp;&nbsp;&nbsp;&nbsp;&nbsp;&nbsp; El nuevo ciclo escolar 2025-2026 en Tamaulipas, arranca oficialmente este&#8230;<\/p>\n","protected":false},"author":1,"featured_media":0,"comment_status":"closed","ping_status":"closed","sticky":false,"template":"","format":"standard","meta":{"footnotes":""},"categories":[5],"tags":[],"class_list":["post-372766","post","type-post","status-publish","format-standard","hentry","category-opinion"],"gutentor_comment":0,"_links":{"self":[{"href":"https:\/\/www.elplaneta.mx\/index.php?rest_route=\/wp\/v2\/posts\/372766","targetHints":{"allow":["GET"]}}],"collection":[{"href":"https:\/\/www.elplaneta.mx\/index.php?rest_route=\/wp\/v2\/posts"}],"about":[{"href":"https:\/\/www.elplaneta.mx\/index.php?rest_route=\/wp\/v2\/types\/post"}],"author":[{"embeddable":true,"href":"https:\/\/www.elplaneta.mx\/index.php?rest_route=\/wp\/v2\/users\/1"}],"replies":[{"embeddable":true,"href":"https:\/\/www.elplaneta.mx\/index.php?rest_route=%2Fwp%2Fv2%2Fcomments&post=372766"}],"version-history":[{"count":2,"href":"https:\/\/www.elplaneta.mx\/index.php?rest_route=\/wp\/v2\/posts\/372766\/revisions"}],"predecessor-version":[{"id":372768,"href":"https:\/\/www.elplaneta.mx\/index.php?rest_route=\/wp\/v2\/posts\/372766\/revisions\/372768"}],"wp:attachment":[{"href":"https:\/\/www.elplaneta.mx\/index.php?rest_route=%2Fwp%2Fv2%2Fmedia&parent=372766"}],"wp:term":[{"taxonomy":"category","embeddable":true,"href":"https:\/\/www.elplaneta.mx\/index.php?rest_route=%2Fwp%2Fv2%2Fcategories&post=372766"},{"taxonomy":"post_tag","embeddable":true,"href":"https:\/\/www.elplaneta.mx\/index.php?rest_route=%2Fwp%2Fv2%2Ftags&post=372766"}],"curies":[{"name":"wp","href":"https:\/\/api.w.org\/{rel}","templated":true}]}}