{"id":373385,"date":"2025-09-13T09:57:40","date_gmt":"2025-09-13T15:57:40","guid":{"rendered":"https:\/\/www.elplaneta.mx\/?p=373385"},"modified":"2025-09-13T09:57:46","modified_gmt":"2025-09-13T15:57:46","slug":"proyecta-tamaulipas-liderazgo-global-en-mercados-de-carbono-y-sostenibilidad","status":"publish","type":"post","link":"https:\/\/www.elplaneta.mx\/?p=373385","title":{"rendered":"Proyecta Tamaulipas liderazgo global en mercados de carbono y sostenibilidad"},"content":{"rendered":"<div class=\"wp-block-image\">\n<figure class=\"alignleft size-full\"><img loading=\"lazy\" decoding=\"async\" width=\"560\" height=\"373\" src=\"https:\/\/www.elplaneta.mx\/wp-content\/themes\/elplaneta\/FOTOS\/13T4369468576.jpeg\" alt=\"\" class=\"wp-image-373386\" srcset=\"https:\/\/www.elplaneta.mx\/wp-content\/themes\/elplaneta\/FOTOS\/13T4369468576.jpeg 560w, https:\/\/www.elplaneta.mx\/wp-content\/themes\/elplaneta\/FOTOS\/13T4369468576-300x200.jpeg 300w\" sizes=\"auto, (max-width: 560px) 100vw, 560px\" \/><\/figure><\/div>\n\n\n<p>Tampico, Tamaulipas, M\u00e9xico, Am\u00e9rica.- Durante dos d\u00edas, Tampico fue el epicentro internacional del di\u00e1logo clim\u00e1tico al albergar la quinta edici\u00f3n del Mexico Carbon Forum 2025. El encuentro reuni\u00f3 a 170 expositores y especialistas de m\u00e1s de 25 pa\u00edses, adem\u00e1s de cerca de 3 mil asistentes, consolidando a Tamaulipas como un referente en innovaci\u00f3n ambiental y en la construcci\u00f3n de mercados de carbono confiables y transparentes.<\/p>\n\n\n\n<p>Acad\u00e9micos, empresarios, inversionistas y organizaciones internacionales compartieron experiencias y estrategias para enfrentar el cambio clim\u00e1tico, fortalecer la cooperaci\u00f3n global y abrir nuevas oportunidades de desarrollo sostenible. La participaci\u00f3n de M\u00c9XICO2, junto con l\u00edderes del sector ambiental, financiero y acad\u00e9mico, permiti\u00f3 enriquecer el debate y proyectar a M\u00e9xico como actor clave en el mercado de carbono.<\/p>\n\n\n\n<p>El foro cont\u00f3 con la presencia del gobernador Am\u00e9rico Villarreal Anaya durante la inauguraci\u00f3n, quien ha impulsado una agenda ambiental que prioriza la preservaci\u00f3n y conservaci\u00f3n de las riquezas naturales de la entidad. Bajo esta visi\u00f3n, Tamaulipas avanza hacia un futuro donde el crecimiento econ\u00f3mico y el cuidado del medio ambiente caminan de la mano.<\/p>\n\n\n\n<p>Al hacer un balance del evento, la secretaria de Desarrollo Urbano y Medio Ambiente, Karina Lizeth Sald\u00edvar Lartigue, destac\u00f3, \u201caqu\u00ed reafirmamos que un futuro m\u00e1s verde, justo y pr\u00f3spero es posible cuando trabajamos juntos, compartiendo conocimiento y sumando voluntades\u201d.<\/p>\n\n\n\n<p>Con esta edici\u00f3n, el M\u00e9xico Carbon Forum consolida a Tamaulipas como puente entre M\u00e9xico y el mundo en el combate a los efectos del cambio clim\u00e1tico y en la generaci\u00f3n de oportunidades para nuevas inversiones sostenibles, cediendo la estafeta para la edici\u00f3n 2026 al estado de Aguascalientes.<\/p>\n","protected":false},"excerpt":{"rendered":"<p>Tampico, Tamaulipas, M\u00e9xico, Am\u00e9rica.- Durante dos d\u00edas, Tampico fue el epicentro internacional del di\u00e1logo clim\u00e1tico&#8230;<\/p>\n","protected":false},"author":1,"featured_media":373386,"comment_status":"open","ping_status":"open","sticky":false,"template":"","format":"standard","meta":{"footnotes":""},"categories":[584],"tags":[],"class_list":["post-373385","post","type-post","status-publish","format-standard","has-post-thumbnail","hentry","category-informacion-oficial"],"gutentor_comment":0,"_links":{"self":[{"href":"https:\/\/www.elplaneta.mx\/index.php?rest_route=\/wp\/v2\/posts\/373385","targetHints":{"allow":["GET"]}}],"collection":[{"href":"https:\/\/www.elplaneta.mx\/index.php?rest_route=\/wp\/v2\/posts"}],"about":[{"href":"https:\/\/www.elplaneta.mx\/index.php?rest_route=\/wp\/v2\/types\/post"}],"author":[{"embeddable":true,"href":"https:\/\/www.elplaneta.mx\/index.php?rest_route=\/wp\/v2\/users\/1"}],"replies":[{"embeddable":true,"href":"https:\/\/www.elplaneta.mx\/index.php?rest_route=%2Fwp%2Fv2%2Fcomments&post=373385"}],"version-history":[{"count":1,"href":"https:\/\/www.elplaneta.mx\/index.php?rest_route=\/wp\/v2\/posts\/373385\/revisions"}],"predecessor-version":[{"id":373387,"href":"https:\/\/www.elplaneta.mx\/index.php?rest_route=\/wp\/v2\/posts\/373385\/revisions\/373387"}],"wp:featuredmedia":[{"embeddable":true,"href":"https:\/\/www.elplaneta.mx\/index.php?rest_route=\/wp\/v2\/media\/373386"}],"wp:attachment":[{"href":"https:\/\/www.elplaneta.mx\/index.php?rest_route=%2Fwp%2Fv2%2Fmedia&parent=373385"}],"wp:term":[{"taxonomy":"category","embeddable":true,"href":"https:\/\/www.elplaneta.mx\/index.php?rest_route=%2Fwp%2Fv2%2Fcategories&post=373385"},{"taxonomy":"post_tag","embeddable":true,"href":"https:\/\/www.elplaneta.mx\/index.php?rest_route=%2Fwp%2Fv2%2Ftags&post=373385"}],"curies":[{"name":"wp","href":"https:\/\/api.w.org\/{rel}","templated":true}]}}