{"id":373587,"date":"2025-09-17T07:28:49","date_gmt":"2025-09-17T13:28:49","guid":{"rendered":"https:\/\/www.elplaneta.mx\/?p=373587"},"modified":"2025-09-17T07:29:21","modified_gmt":"2025-09-17T13:29:21","slug":"arte-y-cultura-motores-del-progreso-economico-y-social-unam","status":"publish","type":"post","link":"https:\/\/www.elplaneta.mx\/?p=373587","title":{"rendered":"Arte y cultura, motores del progreso econ\u00f3mico y social: UNAM"},"content":{"rendered":"<div class=\"wp-block-image\">\n<figure class=\"alignleft size-full\"><img loading=\"lazy\" decoding=\"async\" width=\"531\" height=\"323\" src=\"https:\/\/www.elplaneta.mx\/wp-content\/themes\/elplaneta\/FOTOS\/17C36496737644.jpg\" alt=\"\" class=\"wp-image-373588\" srcset=\"https:\/\/www.elplaneta.mx\/wp-content\/themes\/elplaneta\/FOTOS\/17C36496737644.jpg 531w, https:\/\/www.elplaneta.mx\/wp-content\/themes\/elplaneta\/FOTOS\/17C36496737644-300x182.jpg 300w\" sizes=\"auto, (max-width: 531px) 100vw, 531px\" \/><\/figure><\/div>\n\n\n<p>Coyoac\u00e1n, Ciudad de M\u00e9xico, M\u00e9xico, Am\u00e9rica.- Durante la actividad acad\u00e9mica \u201cImpulso Naranja.&nbsp; 1er. encuentro de emprendimientos de arte y cultura. Arquitectura, cine, dise\u00f1o y m\u00fasica\u201d, convocado por dicha Escuela y la Coordinaci\u00f3n de Vinculaci\u00f3n y Transferencia Tecnol\u00f3gica (CVTT), en colaboraci\u00f3n con las facultades de: Arquitectura; Artes y Dise\u00f1o (FAD); M\u00fasica (FaM); as\u00ed como Filosof\u00eda y Letras (FFyL), Castro Gurr\u00eda dijo que se busca fomentar la innovaci\u00f3n y el emprendimiento con las disciplinas art\u00edsticas.<\/p>\n\n\n\n<p>Abre la puerta a descubrir e incorporar alternativas de producci\u00f3n y distribuci\u00f3n que refuercen el contenido art\u00edstico de estas obras. Se trata tambi\u00e9n de enriquecer la formaci\u00f3n integral de la comunidad universitaria fortaleciendo los valores de responsabilidad y compromiso social, la capacidad de crear y gestionar sus propias empresas y ofrece a nuestra comunidad una opci\u00f3n al empleo tradicional, as\u00ed como la oportunidad de generar posibilidades laborales para otros, destac\u00f3.<\/p>\n\n\n\n<p>Ante la directora del Laboratorio de Piso 16 UNAM, Nicol Figueroa Rend\u00f3n, el director de Emprendimiento Universitario de la CVTT, Eduardo Urz\u00faa Fern\u00e1ndez, manifest\u00f3 que el arte es expresi\u00f3n est\u00e9tica y una poderosa herramienta de transformaci\u00f3n social.<\/p>\n\n\n\n<p>Un emprendimiento art\u00edstico, prosigui\u00f3, puede ser una empresa cultural, un colectivo, cooperativa, plataforma digital, festival comunitario o una residencia art\u00edstica, lo importante no es el formato sino la capacidad de transformar la pasi\u00f3n en acci\u00f3n y esta en impacto social, subray\u00f3.<\/p>\n\n\n\n<p>En la Sala \u201cManuel Gonz\u00e1lez Casanova\u201d de la ENAC apunt\u00f3 que emprender en este campo no es perder libertad creativa; al contrario, es encontrar caminos para sostenerla, difundirla y multiplicarla, es aprender a gestionar proyectos, construir redes, utilizar la tecnolog\u00eda y, al mismo tiempo, preservar el arte como espacio de experimentaci\u00f3n, investigaci\u00f3n y creaci\u00f3n libre.<\/p>\n\n\n\n<p>En su oportunidad, Mar\u00eda Teresa Navarro Agraz, int\u00e9rprete y directora de la FaM, comparti\u00f3: cuando ingresamos a una escuela o facultad para estudiar alguna carrera art\u00edstica, siempre te preguntan \u00bfy de qu\u00e9 vas a vivir?<\/p>\n\n\n\n<p>Es una cuesti\u00f3n que nos han formulado a todos en alg\u00fan momento de nuestra juventud, cuando dijimos quiero estudiar m\u00fasica, actuaci\u00f3n o ser bailarina.<\/p>\n\n\n\n<p>Por ello, ahora es importante pensar c\u00f3mo vas a construir tu proyecto, financiarlo y llevarlo a un escenario o a buen t\u00e9rmino; ese es uno de los aspectos que en la mayor\u00eda de las ocasiones vemos sobre la marcha.<\/p>\n","protected":false},"excerpt":{"rendered":"<p>Coyoac\u00e1n, Ciudad de M\u00e9xico, M\u00e9xico, Am\u00e9rica.- Durante la actividad acad\u00e9mica \u201cImpulso Naranja.&nbsp; 1er. encuentro de&#8230;<\/p>\n","protected":false},"author":1,"featured_media":373588,"comment_status":"open","ping_status":"open","sticky":false,"template":"","format":"standard","meta":{"footnotes":""},"categories":[151],"tags":[],"class_list":["post-373587","post","type-post","status-publish","format-standard","has-post-thumbnail","hentry","category-espectaculos"],"gutentor_comment":0,"_links":{"self":[{"href":"https:\/\/www.elplaneta.mx\/index.php?rest_route=\/wp\/v2\/posts\/373587","targetHints":{"allow":["GET"]}}],"collection":[{"href":"https:\/\/www.elplaneta.mx\/index.php?rest_route=\/wp\/v2\/posts"}],"about":[{"href":"https:\/\/www.elplaneta.mx\/index.php?rest_route=\/wp\/v2\/types\/post"}],"author":[{"embeddable":true,"href":"https:\/\/www.elplaneta.mx\/index.php?rest_route=\/wp\/v2\/users\/1"}],"replies":[{"embeddable":true,"href":"https:\/\/www.elplaneta.mx\/index.php?rest_route=%2Fwp%2Fv2%2Fcomments&post=373587"}],"version-history":[{"count":1,"href":"https:\/\/www.elplaneta.mx\/index.php?rest_route=\/wp\/v2\/posts\/373587\/revisions"}],"predecessor-version":[{"id":373589,"href":"https:\/\/www.elplaneta.mx\/index.php?rest_route=\/wp\/v2\/posts\/373587\/revisions\/373589"}],"wp:featuredmedia":[{"embeddable":true,"href":"https:\/\/www.elplaneta.mx\/index.php?rest_route=\/wp\/v2\/media\/373588"}],"wp:attachment":[{"href":"https:\/\/www.elplaneta.mx\/index.php?rest_route=%2Fwp%2Fv2%2Fmedia&parent=373587"}],"wp:term":[{"taxonomy":"category","embeddable":true,"href":"https:\/\/www.elplaneta.mx\/index.php?rest_route=%2Fwp%2Fv2%2Fcategories&post=373587"},{"taxonomy":"post_tag","embeddable":true,"href":"https:\/\/www.elplaneta.mx\/index.php?rest_route=%2Fwp%2Fv2%2Ftags&post=373587"}],"curies":[{"name":"wp","href":"https:\/\/api.w.org\/{rel}","templated":true}]}}