{"id":373662,"date":"2025-09-18T15:34:27","date_gmt":"2025-09-18T21:34:27","guid":{"rendered":"https:\/\/www.elplaneta.mx\/?p=373662"},"modified":"2025-09-18T15:34:32","modified_gmt":"2025-09-18T21:34:32","slug":"protestas-en-francia-enfrentan-a-las-calles-contra-macron-y-su-nuevo-primer-ministro","status":"publish","type":"post","link":"https:\/\/www.elplaneta.mx\/?p=373662","title":{"rendered":"Protestas en Francia, enfrentan a las calles contra Macron y su nuevo Primer Ministro"},"content":{"rendered":"<div class=\"wp-block-image\">\n<figure class=\"alignleft size-full is-resized\"><img loading=\"lazy\" decoding=\"async\" width=\"780\" height=\"470\" src=\"https:\/\/www.elplaneta.mx\/wp-content\/themes\/elplaneta\/FOTOS\/18F365485674655.jpg\" alt=\"\" class=\"wp-image-373663\" style=\"width:554px;height:auto\" srcset=\"https:\/\/www.elplaneta.mx\/wp-content\/themes\/elplaneta\/FOTOS\/18F365485674655.jpg 780w, https:\/\/www.elplaneta.mx\/wp-content\/themes\/elplaneta\/FOTOS\/18F365485674655-300x181.jpg 300w, https:\/\/www.elplaneta.mx\/wp-content\/themes\/elplaneta\/FOTOS\/18F365485674655-768x463.jpg 768w\" sizes=\"auto, (max-width: 780px) 100vw, 780px\" \/><\/figure><\/div>\n\n\n<p>Paris, Francia, Europa.- Los manifestantes paralizaron Francia el jueves con huelgas de transporte que afectaron notablemente al metro de Par\u00eds, as\u00ed como con marchas, ralentizaciones de tr\u00e1fico y bloqueos, enfrentando el poder de las calles contra el gobierno del presidente, Emmanuel Macron, y sus propuestas de recortar la financiaci\u00f3n de los servicios p\u00fablicos que sustentan el modo de vida franc\u00e9s.<\/p>\n\n\n\n<p>La polic\u00eda empez\u00f3 a emplear gas lacrim\u00f3geno antes del amanecer en enfrentamientos entre agentes antidisturbios y manifestantes en Par\u00eds. Se esperaban manifestaciones en todo el pa\u00eds, desde las ciudades m\u00e1s grandes de Francia hasta peque\u00f1os pueblos, que movilizar\u00edan a cientos de miles de manifestantes y expresar\u00edan su enojo por la creciente pobreza, el aumento de la desigualdad y las crecientes dificultades para que los trabajadores con salarios bajos y otros lleguen a fin de mes.<\/p>\n\n\n\n<p>\u201cDecimos \u2018no\u2019 al gobierno. Ya hemos tenido suficiente. No hay m\u00e1s dinero, el costo de vida es alto\u201d, dijo la trabajadora de transporte en huelga Nadia Belhoum en una protesta antes del amanecer dirigida a un dep\u00f3sito de autobuses de Par\u00eds. Describi\u00f3 a \u201cpersonas agonizando, siendo exprimidas como un lim\u00f3n aunque ya no quede jugo\u201d.<\/p>\n\n\n\n<p>Los sindicatos apuntan a recortes presupuestarios<\/p>\n\n\n\n<p>Los sindicatos que convocaron las huelgas presionan para que se abandonen los recortes presupuestarios propuestos, las congelaciones en el bienestar social y otras medidas de austeridad que los opositores sostienen que afectar\u00e1n a\u00fan m\u00e1s los bolsillos de los trabajadores con salarios bajos y de clase media y que desencadenaron la ca\u00edda de gobiernos sucesivos que intentaron implementar ahorros.<\/p>\n\n\n\n<p>Los opositores al liderazgo proempresarial de Macron se quejan de que los servicios p\u00fablicos financiados por los contribuyentes \u2014escuelas gratuitas y hospitales p\u00fablicos, atenci\u00f3n m\u00e9dica subsidiada, beneficios por desempleo y otras redes de seguridad que son apreciadas en Francia\u2014 est\u00e1n siendo erosionados. Los partidos de izquierda y sus seguidores quieren que los ricos y las empresas paguen m\u00e1s, en lugar de recortes de gastos para tapar los agujeros en las finanzas galas y controlar sus deudas.<\/p>\n\n\n\n<p>\u201cLos servicios p\u00fablicos se est\u00e1n desmoronando\u201d, dijo la profesora Claudia Nunez. \u201cSiempre son las mismas personas las que pagan\u201d.<\/p>\n\n\n\n<p>Bautismo de fuego para el nuevo primer ministro<\/p>\n\n\n\n<p>La jornada de agitaci\u00f3n planificada \u2014con huelgas que tambi\u00e9n afectan a escuelas, la industria y otros sectores de la segunda econom\u00eda m\u00e1s grande de la Uni\u00f3n Europea\u2014 ten\u00eda como objetivo aumentar la presi\u00f3n sobre el nuevo primer ministro S\u00e9bastien Lecornu. Macron lo nombr\u00f3 la semana pasada y le encarg\u00f3 reunir apoyo parlamentario para las medidas de austeridad propuestas que derribaron a sus predecesores inmediatos.<\/p>\n\n\n\n<p>\u201cTraer a Lecornu no cambia nada \u2014es solo otro hombre con traje que seguir\u00e1 la l\u00ednea de Macron\u201d, dijo la estudiante de 22 a\u00f1os Juliette Martin.<\/p>\n\n\n\n<p>\u201cQueremos que se escuchen nuestras voces. Las personas de mi edad sienten que nadie en la pol\u00edtica habla por nosotros\u201d, dijo. \u201cSiempre es nuestra generaci\u00f3n la que termina con la inseguridad y la deuda\u201d.<\/p>\n\n\n\n<p>Los sindicatos han denunciado las propuestas presupuestarias de los gobiernos minoritarios de Macron, debilitados por su falta de una mayor\u00eda confiable en el parlamento, como brutales y punitivas para los trabajadores, jubilados y otras personas vulnerables.<\/p>\n\n\n\n<p>\u201cLa burgues\u00eda de este pa\u00eds se ha estado atiborrando, ya no saben qu\u00e9 hacer con su dinero. As\u00ed que si hay una crisis, la pregunta es qui\u00e9n deber\u00eda pagarla\u201d, dijo Fabien Villedieu, l\u00edder del sindicato de trabajadores ferroviarios SUD-Rail. \u201cEstamos pidiendo que el plan de austeridad del gobierno, que consiste en hacer que los m\u00e1s pobres de este pa\u00eds siempre paguen \u2014ya sean empleados, jubilados, estudiantes\u2014 termine y que hagamos que los m\u00e1s ricos de este pa\u00eds paguen\u201d.<\/p>\n\n\n\n<p>Trabajadores ferroviarios en huelga agitando bengalas hicieron una breve incursi\u00f3n en la sede del Ministerio de Econom\u00eda en Par\u00eds, dejando rastros de humo en el aire antes de irse.<\/p>\n\n\n\n<p>Los opositores de Macron tambi\u00e9n contin\u00faan rechazando las impopulares reformas de pensiones que \u00e9l impuso en el parlamento y que elevaron la edad m\u00ednima de jubilaci\u00f3n de 62 a 64 a\u00f1os, desencadenando una tormenta previa de indignaci\u00f3n y protestas en su segundo y \u00faltimo mandato como presidente, que termina en 2027.<\/p>\n\n\n\n<p>Enorme operaci\u00f3n policial<\/p>\n\n\n\n<p>El gobierno anunci\u00f3 un despliegue policial excepcionalmente grande \u2014alrededor de 80.000 efectivos en total\u2014 para mantener el orden. Se orden\u00f3 a la polic\u00eda que desmantelara los bloqueos de tr\u00e1fico y otros esfuerzos para evitar que las personas que no protestaban continuaran con sus actividades. En Par\u00eds, la polic\u00eda dijo que los agentes usaron gas lacrim\u00f3geno al dispersar un bloqueo antes del amanecer de un dep\u00f3sito de autobuses. Las emisoras francesas tambi\u00e9n informaron de enfrentamientos espor\u00e1dicos en las ciudades de Nantes, en el oeste, y Lyon, en el sureste, en los que se emple\u00f3 gas lacrim\u00f3geno y se arrojaron proyectiles a los polic\u00edas.<\/p>\n\n\n\n<p>El Ministerio del Interior inform\u00f3 de 94 detenciones en todo el pa\u00eds al mediod\u00eda.<\/p>\n\n\n\n<p>\u201cCada vez que hay una protesta, parece que la vida diaria es tomada como reh\u00e9n\u201d, dijo la trabajadora de oficina Nathalie Laurent, lidiando con las interrupciones en el Metro de Par\u00eds durante su viaje matutino.<\/p>\n\n\n\n<p>\u201cSe puede sentir la frustraci\u00f3n en el aire. La gente est\u00e1 cansada\u201d, dijo. \u201cNo es muy democr\u00e1tico cuando la gente com\u00fan ni siquiera puede hacer su trabajo. Y Lecornu \u2014apenas ha comenzado, pero si esta es su idea de estabilidad, entonces tiene un largo camino por recorrer. No necesitamos grandes discursos, necesitamos sentir que alguien en el gobierno entiende lo que este caos significa para nosotros\u201d.<\/p>\n\n\n\n<p>Pocos trenes de metro fuera de las horas punta<\/p>\n\n\n\n<p>El operador del Metro de Par\u00eds dijo que los servicios en hora punta sufrieron menos interrupciones de las anticipadas, pero que el tr\u00e1fico se detuvo en gran medida fuera de esas horas, excepto en tres l\u00edneas automatizadas sin conductor.<\/p>\n\n\n\n<p>La compa\u00f1\u00eda nacional de ferrocarriles francesa SNCF dijo que \u201cse esperan algunas interrupciones\u201d en los trenes de alta velocidad hacia Francia y Europa, pero la mayor\u00eda funcionar\u00e1.<\/p>\n\n\n\n<p>Las l\u00edneas ferroviarias regionales, as\u00ed como el metro de Par\u00eds y los trenes de cercan\u00edas, se ver\u00e1n m\u00e1s severamente afectados.<\/p>\n\n\n\n<p>En los aeropuertos se esperan pocas interrupciones ya que el principal sindicato de controladores de tr\u00e1fico a\u00e9reo decidi\u00f3 posponer su convocatoria de huelga a la espera del nombramiento de un nuevo gabinete.<\/p>\n\n\n\n<p>La semana pasada, un d\u00eda de acci\u00f3n antigubernamental en toda Francia vio las calles llenas de humo, barricadas en llamas y r\u00e1fagas de gas lacrim\u00f3geno mientras los manifestantes denunciaban los recortes presupuestarios y la agitaci\u00f3n pol\u00edtica.<\/p>\n\n\n\n<p>Aunque no logr\u00f3 su intenci\u00f3n autodeclarada de una interrupci\u00f3n total, la campa\u00f1a \u201cBloqueemos todo\u201d a\u00fan logr\u00f3 paralizar partes de la vida diaria y organizar protestas en cientos de puntos cr\u00edticos en todo el pa\u00eds.<\/p>\n","protected":false},"excerpt":{"rendered":"<p>Paris, Francia, Europa.- Los manifestantes paralizaron Francia el jueves con huelgas de transporte que afectaron&#8230;<\/p>\n","protected":false},"author":1,"featured_media":373663,"comment_status":"open","ping_status":"open","sticky":false,"template":"","format":"standard","meta":{"footnotes":""},"categories":[4],"tags":[],"class_list":["post-373662","post","type-post","status-publish","format-standard","has-post-thumbnail","hentry","category-local"],"gutentor_comment":0,"_links":{"self":[{"href":"https:\/\/www.elplaneta.mx\/index.php?rest_route=\/wp\/v2\/posts\/373662","targetHints":{"allow":["GET"]}}],"collection":[{"href":"https:\/\/www.elplaneta.mx\/index.php?rest_route=\/wp\/v2\/posts"}],"about":[{"href":"https:\/\/www.elplaneta.mx\/index.php?rest_route=\/wp\/v2\/types\/post"}],"author":[{"embeddable":true,"href":"https:\/\/www.elplaneta.mx\/index.php?rest_route=\/wp\/v2\/users\/1"}],"replies":[{"embeddable":true,"href":"https:\/\/www.elplaneta.mx\/index.php?rest_route=%2Fwp%2Fv2%2Fcomments&post=373662"}],"version-history":[{"count":1,"href":"https:\/\/www.elplaneta.mx\/index.php?rest_route=\/wp\/v2\/posts\/373662\/revisions"}],"predecessor-version":[{"id":373664,"href":"https:\/\/www.elplaneta.mx\/index.php?rest_route=\/wp\/v2\/posts\/373662\/revisions\/373664"}],"wp:featuredmedia":[{"embeddable":true,"href":"https:\/\/www.elplaneta.mx\/index.php?rest_route=\/wp\/v2\/media\/373663"}],"wp:attachment":[{"href":"https:\/\/www.elplaneta.mx\/index.php?rest_route=%2Fwp%2Fv2%2Fmedia&parent=373662"}],"wp:term":[{"taxonomy":"category","embeddable":true,"href":"https:\/\/www.elplaneta.mx\/index.php?rest_route=%2Fwp%2Fv2%2Fcategories&post=373662"},{"taxonomy":"post_tag","embeddable":true,"href":"https:\/\/www.elplaneta.mx\/index.php?rest_route=%2Fwp%2Fv2%2Ftags&post=373662"}],"curies":[{"name":"wp","href":"https:\/\/api.w.org\/{rel}","templated":true}]}}