{"id":373709,"date":"2025-09-20T08:35:54","date_gmt":"2025-09-20T14:35:54","guid":{"rendered":"https:\/\/www.elplaneta.mx\/?p=373709"},"modified":"2025-09-20T08:35:59","modified_gmt":"2025-09-20T14:35:59","slug":"homicidio-que-avergonzo-a-tamaulipas","status":"publish","type":"post","link":"https:\/\/www.elplaneta.mx\/?p=373709","title":{"rendered":"Homicidio que avergonz\u00f3 a Tamaulipas"},"content":{"rendered":"\n<p>Por Felipe Mart\u00ednez Ch\u00e1vez<\/p>\n\n\n\n<p>Cd. Victoria, Tamaulipas.- Dentro de escasos diez d\u00edas -28 septiembre de 1994- se cumplen los primeros 31 a\u00f1os de un asesinato que cimbr\u00f3 a la clase pol\u00edtica de M\u00e9xico y trajo verg\u00fcenza para Tamaulipas: El de Jos\u00e9 Francisco Ruiz Massieu.<\/p>\n\n\n\n<p>Se desempe\u00f1aba como secretario general del CEN del PRI. Finalizaba el gobierno salinista y estaba por entrar el de Ernesto Zedillo.<\/p>\n\n\n\n<p>Verg\u00fcenza para esta tierra y su gente de bien porque el acusado principal, autor intelectual del tinglado de traiciones hacia el interior del PRI, era un victorense llamado Manuel Mu\u00f1oz Rocha, diputado federal en ese tiempo, ingeniero civil ex gerente del Banco Rural del Noreste con sede en esta capital.<\/p>\n\n\n\n<p>Los ojos del mundo se pusieron sobre Tamaulipas con el estigma de asesinar por cuestiones pol\u00edticas. Hubo muchos detenidos, la mayor parte inocentes, residentes del municipio de San Carlos, torturados y capturados sin orden de aprehensi\u00f3n.<\/p>\n\n\n\n<p>El embrollo enlod\u00f3 a Ra\u00fal, hermano del ex Presidente Salinas de Gortari, encarcelado y liberado m\u00e1s tarde.<\/p>\n\n\n\n<p>Desde entonces la Ley busca a Mu\u00f1oz el presunto asesino que puso el dinero para el homicidio. No lo encontraron. Para unos huy\u00f3 a los Estados Unidos, otros dicen que lo \u201cdesapareci\u00f3\u201d la mafia del poder que orden\u00f3 su muerte, para que no confesara un crimen de estado.<\/p>\n\n\n\n<p>Vivo o muerto tiene pendiente de una orden de aprehensi\u00f3n por homicidio calificado, asociaci\u00f3n delictuosa y otros.<\/p>\n\n\n\n<p>En su idea criminal, arrastr\u00f3 a otros paisanos que participaron en el incidente sin ser actores principales.<\/p>\n\n\n\n<p>Uno de ellos es Fernando Rodr\u00edguez Gonz\u00e1lez, secretario particular del diputado Mu\u00f1oz -s\u00e9ptimo distrito, R\u00edo Bravo-, primero en ser capturado, que habr\u00eda \u201crepartido\u201d los billetes para contratar a los inexpertos pistoleros.<\/p>\n\n\n\n<p>Otro el campesino de San Carlos, Daniel Aguilar Trevi\u00f1o, quien jal\u00f3 del gatillo a cambio de 50 mil pesos, y su primo Angel Cant\u00fa Narv\u00e1ez.<\/p>\n\n\n\n<p>Luego de accionar una metralleta Intratec, Daniel huy\u00f3 al lado contrario de donde estaban los \u201camigos\u201d que lo iban a recoger. Dijo entonces que vio intenciones que lo asesinar\u00edan para callarlo. Se entreg\u00f3 a un polic\u00eda y salv\u00f3 su vida.<\/p>\n\n\n\n<p>Jam\u00e1s hab\u00eda manejado armas. Se dedicaba a labores del campo en el ejido Corralejo, donde viv\u00eda con su madre Do\u00f1a Jovita y su padre Daniel. Acababa de construir una casita porque pensaba casarse.<\/p>\n\n\n\n<p>A m\u00e1s de 30 a\u00f1os siguen surgiendo dudas sobre la autor\u00eda intelectual del proditorio asesinato \u00bfqui\u00e9n fue el verdadero autor?. Condenaron a Ra\u00fal Salinas a 50 a\u00f1os de c\u00e1rcel, pero en 2005 qued\u00f3 absuelto de los cargos.<\/p>\n\n\n\n<p>Cierto que Manuel Mu\u00f1oz, de la mano del \u201chermano inc\u00f3modo\u201d de Agualeguas, so\u00f1aba con ser Gobernador de Tamaulipas. Ra\u00fal le hab\u00eda \u201cregalado\u201d el cargo en Banrural aun cuando era ingeniero civil.<\/p>\n\n\n\n<p>La conclusi\u00f3n final de las autoridades fue que el tamaulipeco fragu\u00f3 el homicidio en solitario porque el guerrerense, hab\u00eda rechazado apoyar sus aspiraciones pol\u00edticas. Fue una venganza extrema.<\/p>\n\n\n\n<p>Durante el sexenio zedillista se tejieron muchas novelas. Apareci\u00f3 la \u201cbruja\u201d Franciscas Zetina, alias La Paca, originaria de Tula, Tamaulipas, practicante de vud\u00fa, cartomancia y astrolog\u00eda, y otros amigos suyos.<\/p>\n\n\n\n<p>En una acci\u00f3n desconcertante -sin bases cient\u00edficas- la Procuradur\u00eda General de la Rep\u00fablica pag\u00f3 a la vidente para localizar, con sus \u201cartes\u201d, el lugar en que se encontraba enterrado el cuerpo de Mu\u00f1oz.<\/p>\n\n\n\n<p>La trama novelesca armada por el Subprocurador Pablo Chapa Bezanilla, comisionado para el caso, encarcel\u00f3 tambi\u00e9n a la bruja, luego liberada por falta de pruebas.<\/p>\n\n\n\n<p>Que este aniversario sea ocasi\u00f3n para que las nuevas generaciones de victorenses y tamaulipecos se enteren de este crimen, y la autoridad competente rinda un informe sobre los hechos, que siguen siendo un pasaje negro para la entidad y desgracia para modestos campesinos enga\u00f1ados.<\/p>\n\n\n\n<p>Pero m\u00e1s que nada, que se difundan loso actos criminales para que la sociedad no permita que se repitan. Ya no queremos esas historias.<\/p>\n\n\n\n<p>En otros temas, mire usted que la UAT, v\u00eda facultad de Medicina Veterinaria y Zootecnia, por recomendaci\u00f3n de su Rector D\u00e1maso Anaya Alvarado, colabora con trampeo, identificaci\u00f3n de insectos e investigaci\u00f3n y capacitaci\u00f3n para combatir el gusano barrenador del ganado.<\/p>\n\n\n\n<p>Al momento los muestreos realizados en Tamaulipas no han confirmado la presencia de la especie, lo que fortalece las medidas preventivas.<\/p>\n\n\n\n<p>El Gobernador Am\u00e9rico Villarreal presidi\u00f3 en Victoria las Fiestas Patrias, el Grito la noche del 15, desde Palacio de Gobierno, y el desfile de la Independencia el 16. En territorio todos los municipios se realizaron eventos alusivos, lo que da una idea del nivel de seguridad que ahora se vive.<\/p>\n\n\n\n<p>Mi\u00e9rcoles de actividad en el Congreso del Estado. A las once la Ma\u00f1anera Legislativa; 12:00 sesi\u00f3n de la Comisi\u00f3n Permanente y 14:00 sesi\u00f3n de la Comisi\u00f3n Especial para analizar los hechos de corrupci\u00f3n en la Secretar\u00eda de Salud durante en el periodo de Cabeza de Vaca.<\/p>\n\n\n\n<p>Por cierto, el l\u00edder del Congreso, Humberto Prieto Herrera, al ser entrevistado por la prensa en los eventos patrios, pidi\u00f3 al jefe estatal del Partido Verde, Manuel Mu\u00f1oz Cano, que deje de hacer comentarios mis\u00f3ginos, que pida perd\u00f3n a la diputada Catalyna M\u00e9ndez y se retracte de todo lo que dijo en contra de ella.<\/p>\n","protected":false},"excerpt":{"rendered":"<p>Por Felipe Mart\u00ednez Ch\u00e1vez Cd. Victoria, Tamaulipas.- Dentro de escasos diez d\u00edas -28 septiembre de&#8230;<\/p>\n","protected":false},"author":1,"featured_media":0,"comment_status":"closed","ping_status":"closed","sticky":false,"template":"","format":"standard","meta":{"footnotes":""},"categories":[5],"tags":[],"class_list":["post-373709","post","type-post","status-publish","format-standard","hentry","category-opinion"],"gutentor_comment":0,"_links":{"self":[{"href":"https:\/\/www.elplaneta.mx\/index.php?rest_route=\/wp\/v2\/posts\/373709","targetHints":{"allow":["GET"]}}],"collection":[{"href":"https:\/\/www.elplaneta.mx\/index.php?rest_route=\/wp\/v2\/posts"}],"about":[{"href":"https:\/\/www.elplaneta.mx\/index.php?rest_route=\/wp\/v2\/types\/post"}],"author":[{"embeddable":true,"href":"https:\/\/www.elplaneta.mx\/index.php?rest_route=\/wp\/v2\/users\/1"}],"replies":[{"embeddable":true,"href":"https:\/\/www.elplaneta.mx\/index.php?rest_route=%2Fwp%2Fv2%2Fcomments&post=373709"}],"version-history":[{"count":2,"href":"https:\/\/www.elplaneta.mx\/index.php?rest_route=\/wp\/v2\/posts\/373709\/revisions"}],"predecessor-version":[{"id":373711,"href":"https:\/\/www.elplaneta.mx\/index.php?rest_route=\/wp\/v2\/posts\/373709\/revisions\/373711"}],"wp:attachment":[{"href":"https:\/\/www.elplaneta.mx\/index.php?rest_route=%2Fwp%2Fv2%2Fmedia&parent=373709"}],"wp:term":[{"taxonomy":"category","embeddable":true,"href":"https:\/\/www.elplaneta.mx\/index.php?rest_route=%2Fwp%2Fv2%2Fcategories&post=373709"},{"taxonomy":"post_tag","embeddable":true,"href":"https:\/\/www.elplaneta.mx\/index.php?rest_route=%2Fwp%2Fv2%2Ftags&post=373709"}],"curies":[{"name":"wp","href":"https:\/\/api.w.org\/{rel}","templated":true}]}}