{"id":373844,"date":"2025-09-23T09:43:28","date_gmt":"2025-09-23T15:43:28","guid":{"rendered":"https:\/\/www.elplaneta.mx\/?p=373844"},"modified":"2025-09-23T09:43:33","modified_gmt":"2025-09-23T15:43:33","slug":"distingue-uanl-a-creadores-universitarios-con-premio-a-las-artes","status":"publish","type":"post","link":"https:\/\/www.elplaneta.mx\/?p=373844","title":{"rendered":"Distingue UANL a creadores universitarios con Premio a las Artes"},"content":{"rendered":"<div class=\"wp-block-image\">\n<figure class=\"alignleft size-full is-resized\"><img loading=\"lazy\" decoding=\"async\" width=\"585\" height=\"378\" src=\"https:\/\/www.elplaneta.mx\/wp-content\/themes\/elplaneta\/FOTOS\/23N4794856755.jpg\" alt=\"\" class=\"wp-image-373845\" style=\"width:498px;height:auto\" srcset=\"https:\/\/www.elplaneta.mx\/wp-content\/themes\/elplaneta\/FOTOS\/23N4794856755.jpg 585w, https:\/\/www.elplaneta.mx\/wp-content\/themes\/elplaneta\/FOTOS\/23N4794856755-300x194.jpg 300w\" sizes=\"auto, (max-width: 585px) 100vw, 585px\" \/><\/figure><\/div>\n\n\n<p>Monterrey, Nuevo Le\u00f3n, Am\u00e9rica.- La M\u00e1xima Casa de Estudios del Estado reconoci\u00f3 la trayectoria y propuesta art\u00edstica de cuatro universitarios en las \u00e1reas de artes auditivas, esc\u00e9nicas, literarias y visuales, en Sesi\u00f3n Solemne del H. Consejo Universitario.<\/p>\n\n\n\n<p>Comprometida con la promoci\u00f3n y difusi\u00f3n cultural, la Universidad Aut\u00f3noma de Nuevo Le\u00f3n entreg\u00f3 el Premio UANL a las Artes 2025 a cuatro destacados creadores: la pianista Beania Salcedo, la actriz Janneth Villarreal, el poeta Renato Tinajero y la curadora Luc\u00eda Lara.<\/p>\n\n\n\n<p>El Rector de la UANL, Santos Guzm\u00e1n L\u00f3pez, reconoci\u00f3 la trayectoria y propuesta art\u00edstica de los galardonados en las categor\u00edas de artes auditivas, esc\u00e9nicas, literarias y visuales, respectivamente, en Sesi\u00f3n Solemne del H. Consejo Universitario.<\/p>\n\n\n\n<p>Durante su mensaje, el ejecutivo universitario detall\u00f3 que esta distinci\u00f3n es muestra de la convicci\u00f3n de la M\u00e1xima Casa de Estudios de Nuevo Le\u00f3n por hacer de la cultura parte fundamental de una educaci\u00f3n integral.<\/p>\n\n\n\n<p>\u201cLa formaci\u00f3n de ciudadanos cr\u00edticos y comprometidos requiere del impulso a la creatividad, la expresi\u00f3n art\u00edstica y la apreciaci\u00f3n cultural. Por ello, hemos fortalecido la proyecci\u00f3n de nuestros grupos art\u00edsticos y creadores universitarios, dentro y fuera del pa\u00eds\u201d.<\/p>\n\n\n\n<p>En representaci\u00f3n de los premiados, el ganador en el \u00e1rea de artes literarias, Jos\u00e9 Renato Tinajero, agradeci\u00f3 a la UANL por dedicar espacios para reconocer a los que representan con dignidad la esfera del arte, a la vez que describi\u00f3 la importancia de su profesi\u00f3n.<\/p>\n\n\n\n<p>\u201cEl arte tiene la potestad de obsequiarnos a creadores y espectadores textos materiales de comprensi\u00f3n a trav\u00e9s de los cuales, como por una lente que enfoca y precisa los detalles, se asoman las llamadas verdades universales\u201d, coment\u00f3 el literato.<\/p>\n\n\n\n<p>Reconoci\u00f3 adem\u00e1s el trabajo que realiza la Universidad para involucrar a los j\u00f3venes aspirantes a escritores, a trav\u00e9s de la formaci\u00f3n acad\u00e9mica y sus distintas convocatorias, acerc\u00e1ndolos al ejercicio profesional.&nbsp;<\/p>\n\n\n\n<p>\u201cSu programa editorial ofrece la oportunidad de una formaci\u00f3n human\u00edstica a la cual se acercan muchas de las personas que quieren convertirse en escritoras, adem\u00e1s de los cert\u00e1menes, premios y reconocimientos que se dan en el \u00e1mbito literario\u201d.<\/p>\n\n\n\n<p>Renato Tinajero<\/p>\n\n\n\n<p>Ganador del Premio de las Artes Literarias<\/p>\n\n\n\n<p>La ceremonia de premiaci\u00f3n se realiz\u00f3 en Sesi\u00f3n Solemne del 11 de septiembre en el Teatro Universitario, ante el pleno del H. Consejo Universitario, autoridades universitarias, familiares y amigos de los galardonados.<\/p>\n\n\n\n<p>Arte y Universidad<\/p>\n\n\n\n<p>En conjunto, los artistas expresaron su agradecimiento por recibir el premio de parte de la M\u00e1xima Casa de Estudios del Estado, adem\u00e1s de aplaudir las acciones que la instituci\u00f3n realiza d\u00eda con d\u00eda para involucrar a su comunidad en la cultura y proyectar el trabajo de sus artistas.<\/p>\n\n\n\n<p>Luc\u00eda Lara Ram\u00edrez, quien gan\u00f3 el premio en el \u00e1rea de las artes visuales, dijo sentirse orgullosa de su formaci\u00f3n profesional dentro de la UANL y que espera ser un ejemplo para otras mujeres artistas.<\/p>\n\n\n\n<p>\u201cEs muy importante para m\u00ed este premio por ser mi alma m\u00e1ter. Adem\u00e1s es un premio que como mujer recibo con mucho orgullo, pues espero que sea una inspiraci\u00f3n para mi hija y para otras mujeres\u201d.<\/p>\n\n\n\n<p>Beania Salcedo Moncada, de la Facultad de M\u00fasica, acreedora del premio en el \u00e1rea de artes auditivas, enfatiz\u00f3 la importancia y el valor de la cultura, en especial la m\u00fasica, para todos las personas.<\/p>\n\n\n\n<p>\u201cLa cultura es un derecho y la vida a trav\u00e9s de la m\u00fasica siempre es mejor, nos humaniza y nos hace ser personas integrales\u201d, expres\u00f3 la subdirectora de posgrado de la Facultad de M\u00fasica.<\/p>\n\n\n\n<p>Por su parte, la ganadora de la categor\u00eda en el \u00e1rea de las artes esc\u00e9nicas, Janneth Villarreal, asegur\u00f3 que el premio es una distinci\u00f3n y una responsabilidad tanto en los escenarios como en las clases con alumnos.<\/p>\n\n\n\n<p>\u201cEste reconocimiento me compromete a seguir actualiz\u00e1ndome y a seguir siendo ejemplo de las nuevas generaciones de estudiantes, de los chicos que creen en este sue\u00f1o, y me compromete adem\u00e1s con mi oficio\u201d, extern\u00f3.<\/p>\n\n\n\n<p>Ganadores del Premio UANL a las Artes 2025<\/p>\n\n\n\n<p>Premio UANL a las Artes en el \u00c1rea de Artes Auditivas<\/p>\n\n\n\n<p>Beania Salcedo Moncada \/ Facultad de M\u00fasica de la UANL<\/p>\n\n\n\n<p>&nbsp;&nbsp;&nbsp; Naci\u00f3 en la Ciudad de M\u00e9xico el 22 de febrero de 1973.<\/p>\n\n\n\n<p>&nbsp;&nbsp;&nbsp; Formaci\u00f3n: egresada del Conservatorio Nacional de M\u00fasica como Concertista en Piano. Posgrado en el Real Conservatorio Superior de M\u00fasica de Madrid. Maestr\u00eda y doctorado en educaci\u00f3n y posdoctorado en pol\u00edtica educativa, estudios sociales y<\/p>\n\n\n\n<p>culturales.<\/p>\n\n\n\n<p>&nbsp;&nbsp;&nbsp; Trayectoria: es parte del D\u00fao Casals desde 1997, junto al violonchelista Jos\u00e9 Mar\u00eda L\u00f3pez Prado. Se ha presentado en escenarios de Espa\u00f1a y M\u00e9xico, como el Palacio de Bellas Artes, el Foro Lenin, diferentes salas del Instituto Polit\u00e9cnico Nacional y de la UNAM.<\/p>\n\n\n\n<p>&nbsp;&nbsp;&nbsp; Reconocimientos: ha sido reconocida en convocatorias del CONARTE y FONCA. Ha participado como jurado en m\u00e1s de 37 concursos de m\u00fasica.<\/p>\n\n\n\n<p>&nbsp;&nbsp;&nbsp; Actualidad: es profesora e investigadora en la Facultad de M\u00fasica de la UANL, donde ha dirigido 59 proyectos de investigaci\u00f3n. Es perfil PRODFEP y SNII Nivel 1.<\/p>\n\n\n\n<p>Premio UANL a las Artes en el \u00c1rea de Artes Esc\u00e9nicas<\/p>\n\n\n\n<p>Olivia Janneth Villarreal Arizpe \/ Facultad de Artes Esc\u00e9nicas<\/p>\n\n\n\n<p>&nbsp;&nbsp;&nbsp; Naci\u00f3 en Monterrey, Nuevo Le\u00f3n, el 19 de octubre de 1980.<\/p>\n\n\n\n<p>&nbsp;&nbsp;&nbsp; Formaci\u00f3n: egresada de la Facultad de Artes Esc\u00e9nicas y de la Licenciatura en Comunicaci\u00f3n y Desarrollo Organizacional de la Facultad de Ciencias de la Comunicaci\u00f3n de la UANL (2001). Maestr\u00eda en humanidades con estudios especializados en teor\u00eda y est\u00e9tica de las artes por la Universidad Aut\u00f3noma de Barcelona (2004).<\/p>\n\n\n\n<p>&nbsp;&nbsp;&nbsp; Trayectoria: ha trabajado en m\u00faltiples disciplinas como la danza, el teatro, el cine y la televisi\u00f3n, destacando su participaci\u00f3n en la Compa\u00f1\u00eda Titular de Danza Contempor\u00e1nea, en la Compa\u00f1\u00eda de Teatro Experimental de la UANL y 17 proyectos cinematogr\u00e1ficos en M\u00e9xico y Espa\u00f1a.<\/p>\n\n\n\n<p>&nbsp;&nbsp;&nbsp; Algunas producciones televisivas: \u201cLa Desalmada\u201d de Televisa y las series de streaming \u201cCindy la regia: la serie\u201d y la pr\u00f3xima a estrenarse \u201cSantita\u201d de Netflix, esta \u00faltima junto a Gael Garc\u00eda Bernal.<\/p>\n\n\n\n<p>&nbsp;&nbsp;&nbsp; Actualidad: forma parte de la Facultad de Artes Esc\u00e9nicas como docente y administrativa y trabaja en la investigaci\u00f3n, proyecci\u00f3n de las artes y la cultura, a la par que contin\u00faa su carrera como actriz.<\/p>\n\n\n\n<p>Premio UANL a las Artes en el \u00c1rea de Artes Literarias<\/p>\n\n\n\n<p>Jos\u00e9 Renato Tinajero Mallozzi<\/p>\n\n\n\n<p>Escuela Preparatoria N\u00famero 3 de la UANL<\/p>\n\n\n\n<p>&nbsp;&nbsp;&nbsp; Naci\u00f3 en Ciudad Victoria, Tamaulipas, el 30 de septiembre de 1976.<\/p>\n\n\n\n<p>&nbsp;&nbsp;&nbsp; Formaci\u00f3n: Licenciado en Filosof\u00eda y Letras por la UANL (egresado en 2000) y maestro en educaci\u00f3n superior por la Universidad Metropolitana de Monterrey (egresado en 2020).<\/p>\n\n\n\n<p>&nbsp;&nbsp;&nbsp; Trayectoria: gestor cultural y autor de diversas publicaciones de poes\u00eda, cuento y ensayo en medios hemerogr\u00e1ficos y virtuales, adem\u00e1s de su participaci\u00f3n en 13 antolog\u00edas literarias. Jurado en concursos, ponente, conferencista y coordinador de talleres literarios.<\/p>\n\n\n\n<p>&nbsp;&nbsp;&nbsp; Reconocimientos: ha sido distinguido con el Premio Bellas Artes de Poes\u00eda Aguascalientes 2017 y es miembro del Sistema Nacional de Creadores de Arte en el \u00e1rea de poes\u00eda desde 2022. Becario del Fondo Nacional para la Cultura y las Artes (FONCA) en 2011-2012.<\/p>\n\n\n\n<p>&nbsp;&nbsp;&nbsp; Actualidad: Contin\u00faa activo en el \u00e1mbito literario, con su libro m\u00e1s reciente, Todas las ballenas, publicado en 2021. Su obra El mal de Samsa fue reeditada en 2023, lo que demuestra la vigencia de su trabajo.<\/p>\n\n\n\n<p>Premio UANL a las Artes en el \u00c1rea de Artes Visuales<\/p>\n\n\n\n<p>Luc\u00eda Lara Ram\u00edrez \/ Facultad de Artes Visuales<\/p>\n\n\n\n<p>&nbsp;&nbsp;&nbsp; Naci\u00f3 en San Pedro Garza Garc\u00eda, Nuevo Le\u00f3n, el 27 de septiembre de 1977.<\/p>\n\n\n\n<p>&nbsp;&nbsp;&nbsp; Formaci\u00f3n: Licenciatura en Artes Visuales de la UANL y Maestr\u00eda en Arte Contempor\u00e1neo, Contexto, Mediaci\u00f3n y Gesti\u00f3n de la Universidad de Barcelona.<\/p>\n\n\n\n<p>&nbsp;&nbsp;&nbsp; Trayectoria: gestora cultural, curadora, artista visual e investigadora. Ha ocupado roles de liderazgo en GE Galer\u00eda (hoy Galer\u00eda Est\u00e9reo) y Alternativa Once Galer\u00eda y ha curado exposiciones en museos nacionales e internacionales, como el Museo MARCO y el Complejo Cultural Los Pinos. Su trabajo se distingue por un enfoque interdisciplinario que combina lo tradicional con lo contempor\u00e1neo.<\/p>\n\n\n\n<p>&nbsp;&nbsp;&nbsp; Reconocimientos: invitada profesora y conferencista de la UANL y el Tec de Monterrey, as\u00ed como jurado en concursos internacionales como el Feminist Photography Contest PERSPECTIVA en Austria y FAMA Monterrey, la primera Feria de Arte Accesible del Norte de M\u00e9xico.<\/p>\n\n\n\n<p>&nbsp;&nbsp;&nbsp; Actualidad: coordinadora de exposiciones y museograf\u00eda en el Centro de las Artes de Nuevo Le\u00f3n (CONARTE), donde supervisa la programaci\u00f3n de exposiciones y colabora con instituciones educativas como la UANL, UDEM y el Tec de Monterrey, enfocada en la promoci\u00f3n de artistas locales, mujeres y comunidades diversas.<\/p>\n","protected":false},"excerpt":{"rendered":"<p>Monterrey, Nuevo Le\u00f3n, Am\u00e9rica.- La M\u00e1xima Casa de Estudios del Estado reconoci\u00f3 la trayectoria y&#8230;<\/p>\n","protected":false},"author":1,"featured_media":373845,"comment_status":"open","ping_status":"open","sticky":false,"template":"","format":"standard","meta":{"footnotes":""},"categories":[151],"tags":[],"class_list":["post-373844","post","type-post","status-publish","format-standard","has-post-thumbnail","hentry","category-espectaculos"],"gutentor_comment":0,"_links":{"self":[{"href":"https:\/\/www.elplaneta.mx\/index.php?rest_route=\/wp\/v2\/posts\/373844","targetHints":{"allow":["GET"]}}],"collection":[{"href":"https:\/\/www.elplaneta.mx\/index.php?rest_route=\/wp\/v2\/posts"}],"about":[{"href":"https:\/\/www.elplaneta.mx\/index.php?rest_route=\/wp\/v2\/types\/post"}],"author":[{"embeddable":true,"href":"https:\/\/www.elplaneta.mx\/index.php?rest_route=\/wp\/v2\/users\/1"}],"replies":[{"embeddable":true,"href":"https:\/\/www.elplaneta.mx\/index.php?rest_route=%2Fwp%2Fv2%2Fcomments&post=373844"}],"version-history":[{"count":1,"href":"https:\/\/www.elplaneta.mx\/index.php?rest_route=\/wp\/v2\/posts\/373844\/revisions"}],"predecessor-version":[{"id":373846,"href":"https:\/\/www.elplaneta.mx\/index.php?rest_route=\/wp\/v2\/posts\/373844\/revisions\/373846"}],"wp:featuredmedia":[{"embeddable":true,"href":"https:\/\/www.elplaneta.mx\/index.php?rest_route=\/wp\/v2\/media\/373845"}],"wp:attachment":[{"href":"https:\/\/www.elplaneta.mx\/index.php?rest_route=%2Fwp%2Fv2%2Fmedia&parent=373844"}],"wp:term":[{"taxonomy":"category","embeddable":true,"href":"https:\/\/www.elplaneta.mx\/index.php?rest_route=%2Fwp%2Fv2%2Fcategories&post=373844"},{"taxonomy":"post_tag","embeddable":true,"href":"https:\/\/www.elplaneta.mx\/index.php?rest_route=%2Fwp%2Fv2%2Ftags&post=373844"}],"curies":[{"name":"wp","href":"https:\/\/api.w.org\/{rel}","templated":true}]}}