{"id":373860,"date":"2025-09-23T17:02:43","date_gmt":"2025-09-23T23:02:43","guid":{"rendered":"https:\/\/www.elplaneta.mx\/?p=373860"},"modified":"2025-09-23T17:02:47","modified_gmt":"2025-09-23T23:02:47","slug":"protestan-extrabajadores-de-vips-en-tampico-denuncian-despido-sin-pago","status":"publish","type":"post","link":"https:\/\/www.elplaneta.mx\/?p=373860","title":{"rendered":"Protestan extrabajadores de Vips en Tampico, denuncian despido sin pago"},"content":{"rendered":"<div class=\"wp-block-image\">\n<figure class=\"alignleft size-full\"><img loading=\"lazy\" decoding=\"async\" width=\"579\" height=\"337\" src=\"https:\/\/www.elplaneta.mx\/wp-content\/themes\/elplaneta\/FOTOS\/23T36496847667.jpg\" alt=\"\" class=\"wp-image-373861\" srcset=\"https:\/\/www.elplaneta.mx\/wp-content\/themes\/elplaneta\/FOTOS\/23T36496847667.jpg 579w, https:\/\/www.elplaneta.mx\/wp-content\/themes\/elplaneta\/FOTOS\/23T36496847667-300x175.jpg 300w\" sizes=\"auto, (max-width: 579px) 100vw, 579px\" \/><\/figure><\/div>\n\n\n<p>Tampico, Tamaulipas, M\u00e9xico, Am\u00e9rica.- Un grupo de al menos 14 extrabajadores del restaurante Vips que cerr\u00f3 sus puertas el pasado jueves 18 de septiembre se manifest\u00f3 afuera del establecimiento para exigir el pago de sus liquidaciones, las cuales, aseguran, la empresa se ha negado a cubrir.<\/p>\n\n\n\n<p>Iv\u00e1n Artiaga, abogado que representa a los afectados, se\u00f1al\u00f3 que al personal \u00fanicamente \u201cse le dieron las gracias\u201d y un pago parcial por los d\u00edas laborados, sin que hasta la fecha se haya formalizado el finiquito conforme a la ley.<\/p>\n\n\n\n<p>\u201cEstamos hablando de familias que se quedaron sin sustento econ\u00f3mico. Los trabajadores no piden nada fuera de lo legal, solo lo que les corresponde\u201d, indic\u00f3.<\/p>\n\n\n\n<p>Los manifestantes denunciaron que no recibieron notificaci\u00f3n escrita sobre las causas del cierre ni una explicaci\u00f3n clara por parte de la raz\u00f3n social que opera la sucursal, Grupo Pera con sede en Reynosa.<\/p>\n\n\n\n<p>\u201cHemos hablado con el gerente y subgerente, pero \u00fanicamente nos dicen que lo van a revisar\u201d, coment\u00f3 Artiaga.<\/p>\n\n\n\n<p>Carlos, empleado con 14 a\u00f1os de antig\u00fcedad en el restaurante, relat\u00f3 que desde hace dos a\u00f1os las condiciones laborales comenzaron a deteriorarse con recortes de horarios, fallas de mantenimiento y la falta de servicios b\u00e1sicos como agua y electricidad.<\/p>\n\n\n\n<p>\u201cLleg\u00e1bamos a cobrar solo tres d\u00edas a la semana; al final ya no hab\u00eda ni producci\u00f3n ni clima\u201d, explic\u00f3.<\/p>\n\n\n\n<p>La empresa tambi\u00e9n opera otras cadenas en la zona como iHop y Applebee\u2019s, este \u00faltimo tambi\u00e9n cerrado recientemente, sin que hasta ahora se haya dado certeza sobre el futuro laboral de su personal.<\/p>\n\n\n\n<p>Grupo Pera (con sede en Reynosa) enfrenta reclamos por cierre de sucursal en Tampico<\/p>\n\n\n\n<p>Los manifestantes se\u00f1alan que ni gerente ni subgerente han dado respuesta, pese a a\u00f1os de trabajo y deterioro en las condiciones laborales \/ Teresa Mac\u00edas<\/p>\n\n\n\n<p>Los extrabajadores pidieron la intervenci\u00f3n del Gobierno del Estado y de la Secretar\u00eda del Trabajo para garantizar el respeto a sus derechos.<\/p>\n\n\n\n<p>Ya interpusieron una demanda por despido injustificado se\u00f1al\u00f3 el abogado de los extrabajadores de Vips Tampico. Mientras tanto, afirmaron que continuar\u00e1n manifest\u00e1ndose de manera pac\u00edfica hasta obtener una soluci\u00f3n.<\/p>\n","protected":false},"excerpt":{"rendered":"<p>Tampico, Tamaulipas, M\u00e9xico, Am\u00e9rica.- Un grupo de al menos 14 extrabajadores del restaurante Vips que&#8230;<\/p>\n","protected":false},"author":1,"featured_media":373861,"comment_status":"open","ping_status":"open","sticky":false,"template":"","format":"standard","meta":{"footnotes":""},"categories":[20],"tags":[],"class_list":["post-373860","post","type-post","status-publish","format-standard","has-post-thumbnail","hentry","category-tamaulipas"],"gutentor_comment":0,"_links":{"self":[{"href":"https:\/\/www.elplaneta.mx\/index.php?rest_route=\/wp\/v2\/posts\/373860","targetHints":{"allow":["GET"]}}],"collection":[{"href":"https:\/\/www.elplaneta.mx\/index.php?rest_route=\/wp\/v2\/posts"}],"about":[{"href":"https:\/\/www.elplaneta.mx\/index.php?rest_route=\/wp\/v2\/types\/post"}],"author":[{"embeddable":true,"href":"https:\/\/www.elplaneta.mx\/index.php?rest_route=\/wp\/v2\/users\/1"}],"replies":[{"embeddable":true,"href":"https:\/\/www.elplaneta.mx\/index.php?rest_route=%2Fwp%2Fv2%2Fcomments&post=373860"}],"version-history":[{"count":1,"href":"https:\/\/www.elplaneta.mx\/index.php?rest_route=\/wp\/v2\/posts\/373860\/revisions"}],"predecessor-version":[{"id":373862,"href":"https:\/\/www.elplaneta.mx\/index.php?rest_route=\/wp\/v2\/posts\/373860\/revisions\/373862"}],"wp:featuredmedia":[{"embeddable":true,"href":"https:\/\/www.elplaneta.mx\/index.php?rest_route=\/wp\/v2\/media\/373861"}],"wp:attachment":[{"href":"https:\/\/www.elplaneta.mx\/index.php?rest_route=%2Fwp%2Fv2%2Fmedia&parent=373860"}],"wp:term":[{"taxonomy":"category","embeddable":true,"href":"https:\/\/www.elplaneta.mx\/index.php?rest_route=%2Fwp%2Fv2%2Fcategories&post=373860"},{"taxonomy":"post_tag","embeddable":true,"href":"https:\/\/www.elplaneta.mx\/index.php?rest_route=%2Fwp%2Fv2%2Ftags&post=373860"}],"curies":[{"name":"wp","href":"https:\/\/api.w.org\/{rel}","templated":true}]}}