{"id":373885,"date":"2025-09-24T11:33:02","date_gmt":"2025-09-24T17:33:02","guid":{"rendered":"https:\/\/www.elplaneta.mx\/?p=373885"},"modified":"2025-09-24T11:33:08","modified_gmt":"2025-09-24T17:33:08","slug":"septiembre-deja-repunte-en-la-actividad-de-restaurantes-en-victoria","status":"publish","type":"post","link":"https:\/\/www.elplaneta.mx\/?p=373885","title":{"rendered":"Septiembre deja repunte en la actividad de restaurantes en Victoria"},"content":{"rendered":"<div class=\"wp-block-image\">\n<figure class=\"alignleft size-full is-resized\"><img loading=\"lazy\" decoding=\"async\" width=\"493\" height=\"409\" src=\"https:\/\/www.elplaneta.mx\/wp-content\/themes\/elplaneta\/FOTOS\/Canirac-Jesus-Arnoldo-Gomez-1.jpg\" alt=\"\" class=\"wp-image-370803\" style=\"width:347px;height:auto\" srcset=\"https:\/\/www.elplaneta.mx\/wp-content\/themes\/elplaneta\/FOTOS\/Canirac-Jesus-Arnoldo-Gomez-1.jpg 493w, https:\/\/www.elplaneta.mx\/wp-content\/themes\/elplaneta\/FOTOS\/Canirac-Jesus-Arnoldo-Gomez-1-300x249.jpg 300w\" sizes=\"auto, (max-width: 493px) 100vw, 493px\" \/><figcaption class=\"wp-element-caption\">Jes\u00fas Arnoldo G\u00f3mez.<\/figcaption><\/figure><\/div>\n\n\n<p>Ciudad Victoria, Tamaulipas, M\u00e9xico, Am\u00e9rica.- septiembre ha sido un mes favorecedor para los restaurantes, ya que, debido a las celebraciones de fiestas patrias, en algunos establecimientos de la capital del estado, las ventas han incrementado hasta en un 30%.<\/p>\n\n\n\n<p>Jes\u00fas Arnoldo G\u00f3mez Gonz\u00e1lez, presidente de la C\u00e1mara Nacional de la Industria de Restaurantes y Alimentos Condimentados (Canirac) en Victoria, inform\u00f3 que esta situaci\u00f3n se ha reflejado principalmente en los negocios ubicados en la zona centro, por ser donde habitualmente se concentran el mayor n\u00famero de festejos.<\/p>\n\n\n\n<p>El dirigente prev\u00e9 que este comportamiento se mantenga durante los pr\u00f3ximos meses, con el impulso de fechas especiales como Halloween, D\u00eda de Muertos, posadas , que tradicionalmente incrementan la movilidad y el consumo.<\/p>\n\n\n\n<p>Por otro lado, el presidente de Canirac inform\u00f3 que, antes de que finalice 2025, se espera la apertura de cinco nuevos restaurantes, adicionales a los diez que han iniciado operaciones de enero a la fecha. Aunque no precis\u00f3 los montos de inversi\u00f3n de estos establecimientos, destac\u00f3 que contribuir\u00e1n a ampliar la oferta gastron\u00f3mica local y a generar nuevos empleos.<\/p>\n","protected":false},"excerpt":{"rendered":"<p>Ciudad Victoria, Tamaulipas, M\u00e9xico, Am\u00e9rica.- septiembre ha sido un mes favorecedor para los restaurantes, ya&#8230;<\/p>\n","protected":false},"author":1,"featured_media":370803,"comment_status":"open","ping_status":"open","sticky":false,"template":"","format":"standard","meta":{"footnotes":""},"categories":[20,150],"tags":[],"class_list":["post-373885","post","type-post","status-publish","format-standard","has-post-thumbnail","hentry","category-tamaulipas","category-victoria-2"],"gutentor_comment":0,"_links":{"self":[{"href":"https:\/\/www.elplaneta.mx\/index.php?rest_route=\/wp\/v2\/posts\/373885","targetHints":{"allow":["GET"]}}],"collection":[{"href":"https:\/\/www.elplaneta.mx\/index.php?rest_route=\/wp\/v2\/posts"}],"about":[{"href":"https:\/\/www.elplaneta.mx\/index.php?rest_route=\/wp\/v2\/types\/post"}],"author":[{"embeddable":true,"href":"https:\/\/www.elplaneta.mx\/index.php?rest_route=\/wp\/v2\/users\/1"}],"replies":[{"embeddable":true,"href":"https:\/\/www.elplaneta.mx\/index.php?rest_route=%2Fwp%2Fv2%2Fcomments&post=373885"}],"version-history":[{"count":1,"href":"https:\/\/www.elplaneta.mx\/index.php?rest_route=\/wp\/v2\/posts\/373885\/revisions"}],"predecessor-version":[{"id":373886,"href":"https:\/\/www.elplaneta.mx\/index.php?rest_route=\/wp\/v2\/posts\/373885\/revisions\/373886"}],"wp:featuredmedia":[{"embeddable":true,"href":"https:\/\/www.elplaneta.mx\/index.php?rest_route=\/wp\/v2\/media\/370803"}],"wp:attachment":[{"href":"https:\/\/www.elplaneta.mx\/index.php?rest_route=%2Fwp%2Fv2%2Fmedia&parent=373885"}],"wp:term":[{"taxonomy":"category","embeddable":true,"href":"https:\/\/www.elplaneta.mx\/index.php?rest_route=%2Fwp%2Fv2%2Fcategories&post=373885"},{"taxonomy":"post_tag","embeddable":true,"href":"https:\/\/www.elplaneta.mx\/index.php?rest_route=%2Fwp%2Fv2%2Ftags&post=373885"}],"curies":[{"name":"wp","href":"https:\/\/api.w.org\/{rel}","templated":true}]}}