{"id":373939,"date":"2025-09-25T14:18:00","date_gmt":"2025-09-25T20:18:00","guid":{"rendered":"https:\/\/www.elplaneta.mx\/?p=373939"},"modified":"2025-09-26T14:19:07","modified_gmt":"2025-09-26T20:19:07","slug":"restaurantes-ajustan-precios-por-alza-en-insumos-y-servicios-basicos-en-victoria","status":"publish","type":"post","link":"https:\/\/www.elplaneta.mx\/?p=373939","title":{"rendered":"Restaurantes ajustan precios por alza en insumos y servicios b\u00e1sicos en Victoria"},"content":{"rendered":"<div class=\"wp-block-image\">\n<figure class=\"alignleft size-full\"><img loading=\"lazy\" decoding=\"async\" width=\"460\" height=\"345\" src=\"https:\/\/www.elplaneta.mx\/wp-content\/themes\/elplaneta\/FOTOS\/26V3694578475.jpg\" alt=\"\" class=\"wp-image-373940\" srcset=\"https:\/\/www.elplaneta.mx\/wp-content\/themes\/elplaneta\/FOTOS\/26V3694578475.jpg 460w, https:\/\/www.elplaneta.mx\/wp-content\/themes\/elplaneta\/FOTOS\/26V3694578475-300x225.jpg 300w\" sizes=\"auto, (max-width: 460px) 100vw, 460px\" \/><figcaption class=\"wp-element-caption\">Jes\u00fas Arnoldo G\u00f3mez Gonz\u00e1lez.<\/figcaption><\/figure><\/div>\n\n\n<p>Ciudad Victoria, Tamaulipas, M\u00e9xico, Am\u00e9rica.- A consecuencia de la inflaci\u00f3n y otros factores que impactan los gastos de operaci\u00f3n, durante lo que va de 2025 varios restaurantes de Ciudad Victoria han tenido que actualizar los precios de sus men\u00fas.<\/p>\n\n\n\n<p>Jes\u00fas Arnoldo G\u00f3mez Gonz\u00e1lez, presidente de la C\u00e1mara Nacional de la Industria de Restaurantes y Alimentos Condimentados (Canirac), indic\u00f3 que los incrementos han sido graduales y siempre procurando que los precios sigan siendo accesibles para los clientes.<\/p>\n\n\n\n<p>\u201cHa habido ajustes, pero no son muy significativos; creo que no llegan ni al 5%. Lo que buscamos es que los precios sigan siendo accesibles y no afecten las ventas\u201d, se\u00f1al\u00f3.<\/p>\n\n\n\n<p>Entre los factores que motivan los ajustes destacan el aumento en el costo de insumos como la carne, el lim\u00f3n y el aguacate, as\u00ed como los incrementos en el consumo de energ\u00eda el\u00e9ctrica, cuyas facturas suelen dispararse durante los meses de calor.<\/p>\n","protected":false},"excerpt":{"rendered":"<p>Ciudad Victoria, Tamaulipas, M\u00e9xico, Am\u00e9rica.- A consecuencia de la inflaci\u00f3n y otros factores que impactan&#8230;<\/p>\n","protected":false},"author":1,"featured_media":373940,"comment_status":"open","ping_status":"open","sticky":false,"template":"","format":"standard","meta":{"footnotes":""},"categories":[20],"tags":[],"class_list":["post-373939","post","type-post","status-publish","format-standard","has-post-thumbnail","hentry","category-tamaulipas"],"gutentor_comment":0,"_links":{"self":[{"href":"https:\/\/www.elplaneta.mx\/index.php?rest_route=\/wp\/v2\/posts\/373939","targetHints":{"allow":["GET"]}}],"collection":[{"href":"https:\/\/www.elplaneta.mx\/index.php?rest_route=\/wp\/v2\/posts"}],"about":[{"href":"https:\/\/www.elplaneta.mx\/index.php?rest_route=\/wp\/v2\/types\/post"}],"author":[{"embeddable":true,"href":"https:\/\/www.elplaneta.mx\/index.php?rest_route=\/wp\/v2\/users\/1"}],"replies":[{"embeddable":true,"href":"https:\/\/www.elplaneta.mx\/index.php?rest_route=%2Fwp%2Fv2%2Fcomments&post=373939"}],"version-history":[{"count":1,"href":"https:\/\/www.elplaneta.mx\/index.php?rest_route=\/wp\/v2\/posts\/373939\/revisions"}],"predecessor-version":[{"id":373941,"href":"https:\/\/www.elplaneta.mx\/index.php?rest_route=\/wp\/v2\/posts\/373939\/revisions\/373941"}],"wp:featuredmedia":[{"embeddable":true,"href":"https:\/\/www.elplaneta.mx\/index.php?rest_route=\/wp\/v2\/media\/373940"}],"wp:attachment":[{"href":"https:\/\/www.elplaneta.mx\/index.php?rest_route=%2Fwp%2Fv2%2Fmedia&parent=373939"}],"wp:term":[{"taxonomy":"category","embeddable":true,"href":"https:\/\/www.elplaneta.mx\/index.php?rest_route=%2Fwp%2Fv2%2Fcategories&post=373939"},{"taxonomy":"post_tag","embeddable":true,"href":"https:\/\/www.elplaneta.mx\/index.php?rest_route=%2Fwp%2Fv2%2Ftags&post=373939"}],"curies":[{"name":"wp","href":"https:\/\/api.w.org\/{rel}","templated":true}]}}