{"id":374016,"date":"2025-09-25T13:37:25","date_gmt":"2025-09-25T19:37:25","guid":{"rendered":"https:\/\/www.elplaneta.mx\/?p=374016"},"modified":"2025-09-29T13:40:43","modified_gmt":"2025-09-29T19:40:43","slug":"el-gobernador-y-el-rector-inauguran-dia-de-la-investigacion-uat-2025","status":"publish","type":"post","link":"https:\/\/www.elplaneta.mx\/?p=374016","title":{"rendered":"El Gobernador y el rector inauguran D\u00eda de la Investigaci\u00f3n UAT 2025"},"content":{"rendered":"\n<p>Por David Z\u00e1rate Cruz<\/p>\n\n\n<div class=\"wp-block-image\">\n<figure class=\"alignleft size-full\"><img loading=\"lazy\" decoding=\"async\" width=\"540\" height=\"359\" src=\"https:\/\/www.elplaneta.mx\/wp-content\/themes\/elplaneta\/FOTOS\/25U376946865786.jpg\" alt=\"\" class=\"wp-image-374017\" srcset=\"https:\/\/www.elplaneta.mx\/wp-content\/themes\/elplaneta\/FOTOS\/25U376946865786.jpg 540w, https:\/\/www.elplaneta.mx\/wp-content\/themes\/elplaneta\/FOTOS\/25U376946865786-300x199.jpg 300w\" sizes=\"auto, (max-width: 540px) 100vw, 540px\" \/><\/figure><\/div>\n\n\n<p>Ciudad Victoria, Tamaulipas, M\u00e9xico, Am\u00e9rica.- En la jornada, desarrollada en el Gimnasio Multidisciplinario Victoria, el mandatario estatal reafirm\u00f3, junto al rector, su apoyo a las actividades cient\u00edficas que impulsa la casa de estudios, destacando el papel esencial de la instituci\u00f3n en la formaci\u00f3n de profesionistas que contribuyen al bienestar colectivo y al desarrollo del estado.<\/p>\n\n\n\n<p>Durante la ceremonia, que cont\u00f3 con la presencia de la Lic. Isolda Rend\u00f3n de Anaya, presidenta de Familia UAT, y el secretario de Educaci\u00f3n de Tamaulipas, Miguel \u00c1ngel Vald\u00e9s Garc\u00eda, as\u00ed como autoridades universitarias, el rector D\u00e1maso Anaya agradeci\u00f3 al gobernador su respaldo que ha permitido consolidar proyectos estrat\u00e9gicos y generar m\u00e1s oportunidades para la juventud tamaulipeca.<\/p>\n\n\n\n<p>En el D\u00eda de la Investigaci\u00f3n UAT 2025 participaron unidades acad\u00e9micas y facultades de la zona centro y norte del estado mediante 26 m\u00f3dulos de exhibici\u00f3n, lo que represent\u00f3 un escaparte para la divulgaci\u00f3n de la ciencia en proyectos sobre tem\u00e1ticas sociales, de salud, ambientales, tecnol\u00f3gicas y de innovaci\u00f3n educativa, entre otros.<\/p>\n\n\n\n<p>En la sede Victoria, las y los investigadores universitarios compartieron con entusiasmo sus hallazgos y procesos de investigaci\u00f3n con estudiantes de educaci\u00f3n media superior de distintas instituciones, quienes tuvieron la oportunidad de recorrer los m\u00f3dulos, interactuar directamente con los equipos de trabajo y conocer de primera mano c\u00f3mo la ciencia responde a los retos de la sociedad.<\/p>\n\n\n\n<p>La edici\u00f3n 2025 contempla tambi\u00e9n una segunda sede en Tampico, a celebrarse el pr\u00f3ximo 30 de septiembre, donde se instalar\u00e1n 20 estands de investigaci\u00f3n con la participaci\u00f3n de acad\u00e9micos de la zona sur de la UAT.<\/p>\n\n\n\n<p>M\u00e1s all\u00e1 de la exposici\u00f3n de proyectos, este evento constituye un espacio de interacci\u00f3n formativa, que inspira a las nuevas generaciones a sumarse al quehacer cient\u00edfico, fortaleciendo as\u00ed la misi\u00f3n de la UAT de vincular la educaci\u00f3n superior con las necesidades sociales y productivas de la entidad.<\/p>\n","protected":false},"excerpt":{"rendered":"<p>Por David Z\u00e1rate Cruz Ciudad Victoria, Tamaulipas, M\u00e9xico, Am\u00e9rica.- En la jornada, desarrollada en el&#8230;<\/p>\n","protected":false},"author":1,"featured_media":374017,"comment_status":"open","ping_status":"open","sticky":false,"template":"","format":"standard","meta":{"footnotes":""},"categories":[584],"tags":[],"class_list":["post-374016","post","type-post","status-publish","format-standard","has-post-thumbnail","hentry","category-informacion-oficial"],"gutentor_comment":0,"_links":{"self":[{"href":"https:\/\/www.elplaneta.mx\/index.php?rest_route=\/wp\/v2\/posts\/374016","targetHints":{"allow":["GET"]}}],"collection":[{"href":"https:\/\/www.elplaneta.mx\/index.php?rest_route=\/wp\/v2\/posts"}],"about":[{"href":"https:\/\/www.elplaneta.mx\/index.php?rest_route=\/wp\/v2\/types\/post"}],"author":[{"embeddable":true,"href":"https:\/\/www.elplaneta.mx\/index.php?rest_route=\/wp\/v2\/users\/1"}],"replies":[{"embeddable":true,"href":"https:\/\/www.elplaneta.mx\/index.php?rest_route=%2Fwp%2Fv2%2Fcomments&post=374016"}],"version-history":[{"count":1,"href":"https:\/\/www.elplaneta.mx\/index.php?rest_route=\/wp\/v2\/posts\/374016\/revisions"}],"predecessor-version":[{"id":374018,"href":"https:\/\/www.elplaneta.mx\/index.php?rest_route=\/wp\/v2\/posts\/374016\/revisions\/374018"}],"wp:featuredmedia":[{"embeddable":true,"href":"https:\/\/www.elplaneta.mx\/index.php?rest_route=\/wp\/v2\/media\/374017"}],"wp:attachment":[{"href":"https:\/\/www.elplaneta.mx\/index.php?rest_route=%2Fwp%2Fv2%2Fmedia&parent=374016"}],"wp:term":[{"taxonomy":"category","embeddable":true,"href":"https:\/\/www.elplaneta.mx\/index.php?rest_route=%2Fwp%2Fv2%2Fcategories&post=374016"},{"taxonomy":"post_tag","embeddable":true,"href":"https:\/\/www.elplaneta.mx\/index.php?rest_route=%2Fwp%2Fv2%2Ftags&post=374016"}],"curies":[{"name":"wp","href":"https:\/\/api.w.org\/{rel}","templated":true}]}}