{"id":374019,"date":"2025-09-29T13:44:17","date_gmt":"2025-09-29T19:44:17","guid":{"rendered":"https:\/\/www.elplaneta.mx\/?p=374019"},"modified":"2025-09-29T13:44:21","modified_gmt":"2025-09-29T19:44:21","slug":"al-rescate-de-laguna-en-reynosa","status":"publish","type":"post","link":"https:\/\/www.elplaneta.mx\/?p=374019","title":{"rendered":"Al rescate de laguna en Reynosa"},"content":{"rendered":"\n<p>Por Alberto Guerra Salazar<\/p>\n\n\n\n<p>CIUDAD VICTORIA, (ASI).\u2014 Tamaulipas vive desde ayer una situaci\u00f3n de emergencia debido a las lluvias que se desataron de manera torrencial, provocando inundaciones en una gran parte del territorio estatal.<\/p>\n\n\n\n<p>En Nuevo Laredo la presidenta municipal Carmen Lilia Cant\u00farosas Villarreal sostuvo una reuni\u00f3n donde participaron representantes de dependencias municipales, estatales y federales, para implementar un operativo especial de apoyo a la ciudadan\u00eda.<\/p>\n\n\n\n<p>Carmen Lilia realiz\u00f3 un recorrido por los principales puntos de Nuevo Laredo, para constatar las acciones de respuesta inmediata, dando prioridad a las colonias que tuvieron mayores afectaciones.<\/p>\n\n\n\n<p>\u201cLa seguridad y bienestar de las familias es nuestra prioridad\u201d, dijo Carmen Lilia, agregando que \u201cestamos trabajando desde la noche del mi\u00e9rcoles, cuando se activ\u00f3 el Consejo Municipal de Protecci\u00f3n Civil para atender a la ciudadan\u00eda\u201d, afirm\u00f3 la jefa del Cabildo.<\/p>\n\n\n\n<p>Destac\u00f3 que son m\u00e1s de 600 trabajadores del gobierno municipal, de las diferentes dependencias, los que atendieron desde la noche los reportes y salvaguardar la integridad de los ciudadanos.<\/p>\n\n\n\n<p>De acuerdo con personal de Servicios P\u00fablicos Primarios y COMAPA, el tiempo estimado para el desazolve de las \u00e1reas que se afectaron por encharcamientos es de menos de una hora, gracias al trabajo que se ha hecho en infraestructura h\u00eddrica con la construcci\u00f3n de los nuevos colectores pluviales y sanitarios.<\/p>\n\n\n\n<p>En cuanto a da\u00f1os materiales y emergencias, las autoridades reportaron una vivienda afectada, ubicada cerca de un arroyo, dos incendios provocados por cortos-circuitos, 21 veh\u00edculos remolcados por el departamento de Tr\u00e1nsito y Vialidad y no se registraron personas lesionadas.<\/p>\n\n\n\n<p>La Secretar\u00eda de Servicios P\u00fablicos Primarios reforz\u00f3 las labores de limpieza logrando recolectar de alcantarillas y guarda-ganado alrededor de 100 toneladas de basura, mientras que Protecci\u00f3n Civil despleg\u00f3 24 unidades de apoyo en los distintos sectores.<\/p>\n\n\n\n<p>Adem\u00e1s, por falta de energ\u00eda el\u00e9ctrica debido a las intensas lluvias, el servicio de agua potable se suspendi\u00f3 en algunas colonias del sur de Nuevo Laredo.<\/p>\n\n\n\n<p>Cambiamos de rumbo para comentar que el Rector de la Universidad Aut\u00f3noma de Tamaulipas, D\u00e1maso Anaya Alvarado, sostuvo un encuentro con los universitarios de la Unidad Acad\u00e9mica Multidisciplinaria de Valle Hermoso, reafirmando su compromiso de fortalecer el di\u00e1logo con la comunidad de la casa de estudios.<\/p>\n\n\n\n<p>Mediante la jornada \u201cUn d\u00eda con tu Rector\u201d, la comunidad universitaria de Valle Hermoso, encabezada por su director, Jes\u00fas Roberto Garc\u00eda Sandoval, recibi\u00f3 la visita del Rector, quien conoci\u00f3 de primera mano los proyectos, logros y necesidades de la instituci\u00f3n.<\/p>\n\n\n\n<p>En un amplio recorrido por las instalaciones, D\u00e1maso Anaya convivi\u00f3 con los estudiantes, quienes le compartieron los logros en competencias deportivas nacionales, la participaci\u00f3n de sus agrupaciones art\u00edsticas y culturales, y actividades de vinculaci\u00f3n social.<\/p>\n\n\n\n<p>El Rector visit\u00f3 diversos espacios donde constat\u00f3 el impulso a la calidad educativa de la Preparatoria, as\u00ed como de las licenciaturas en Mercadotecnia y Administraci\u00f3n, y Tecnolog\u00eda Educativa.<\/p>\n\n\n\n<p>Confirm\u00f3 tambi\u00e9n el desarrollo de los programas educativos que se imparten en l\u00ednea, como son la Licenciatura en Educaci\u00f3n y Tecnolog\u00edas para el Aprendizaje, y la Maestr\u00eda en Innovaci\u00f3n Educativa y Tecnolog\u00edas para el Aprendizaje, que est\u00e1 reconocida en el Sistema Nacional de Posgrados.<\/p>\n\n\n\n<p>De igual manera, reconoci\u00f3 la solidez acad\u00e9mica respaldada por seis docentes inscritos en el Sistema Nacional de Investigadoras e Investigadores, SNII, diez docentes con el perfil nacional PRODEP, seis cuerpos acad\u00e9micos y cinco grupos disciplinares que contribuyen a impulsar la investigaci\u00f3n y la calidad educativa.<\/p>\n\n\n\n<p>Conoci\u00f3 el Rector el repositorio y las publicaciones acad\u00e9micas de la instituci\u00f3n, adem\u00e1s de dialogar con alumnos que compartieron sus experiencias en proyectos de innovaci\u00f3n educativa y actividades de impacto social.<\/p>\n\n\n\n<p>Al concluir, Anaya Alvarado reiter\u00f3 la importancia de mantener un contacto directo con la comunidad universitaria y subray\u00f3 el compromiso de la UAT con la infraestructura educativa y los programas de apoyo estudiantil, consolidando a la Unidad Acad\u00e9mica Multidisciplinaria Valle Hermoso como un referente de la educaci\u00f3n superior en la zona norte de Tamaulipas.<\/p>\n\n\n\n<p>En otros rubros, se llev\u00f3 a cabo una jornada de reforestaci\u00f3n en la laguna La Escondida de Reynosa, un espacio emblem\u00e1tico que poco a poco recupera su esplendor, con acciones que forman parte del programa \u201cGuardianes de la Laguna de la Escondida\u201d, que busca fortalecer la cultura del cuidado ambiental y la participaci\u00f3n comunitaria en la preservaci\u00f3n de \u00e1reas naturales protegidas.<\/p>\n\n\n\n<p>Este cuerpo lagunar se ha consolidado como un humedal de gran valor ecol\u00f3gico, albergando flora nativa y fauna silvestre, particularmente aves migratorias, constituyendo adem\u00e1s uno de los espacios de esparcimiento social m\u00e1s importantes de la ciudad.<\/p>\n\n\n\n<p>Correo electr\u00f3nico: albertoguerra65@hotmail.com<\/p>\n","protected":false},"excerpt":{"rendered":"<p>Por Alberto Guerra Salazar CIUDAD VICTORIA, (ASI).\u2014 Tamaulipas vive desde ayer una situaci\u00f3n de emergencia&#8230;<\/p>\n","protected":false},"author":1,"featured_media":0,"comment_status":"closed","ping_status":"closed","sticky":false,"template":"","format":"standard","meta":{"footnotes":""},"categories":[5],"tags":[],"class_list":["post-374019","post","type-post","status-publish","format-standard","hentry","category-opinion"],"gutentor_comment":0,"_links":{"self":[{"href":"https:\/\/www.elplaneta.mx\/index.php?rest_route=\/wp\/v2\/posts\/374019","targetHints":{"allow":["GET"]}}],"collection":[{"href":"https:\/\/www.elplaneta.mx\/index.php?rest_route=\/wp\/v2\/posts"}],"about":[{"href":"https:\/\/www.elplaneta.mx\/index.php?rest_route=\/wp\/v2\/types\/post"}],"author":[{"embeddable":true,"href":"https:\/\/www.elplaneta.mx\/index.php?rest_route=\/wp\/v2\/users\/1"}],"replies":[{"embeddable":true,"href":"https:\/\/www.elplaneta.mx\/index.php?rest_route=%2Fwp%2Fv2%2Fcomments&post=374019"}],"version-history":[{"count":2,"href":"https:\/\/www.elplaneta.mx\/index.php?rest_route=\/wp\/v2\/posts\/374019\/revisions"}],"predecessor-version":[{"id":374021,"href":"https:\/\/www.elplaneta.mx\/index.php?rest_route=\/wp\/v2\/posts\/374019\/revisions\/374021"}],"wp:attachment":[{"href":"https:\/\/www.elplaneta.mx\/index.php?rest_route=%2Fwp%2Fv2%2Fmedia&parent=374019"}],"wp:term":[{"taxonomy":"category","embeddable":true,"href":"https:\/\/www.elplaneta.mx\/index.php?rest_route=%2Fwp%2Fv2%2Fcategories&post=374019"},{"taxonomy":"post_tag","embeddable":true,"href":"https:\/\/www.elplaneta.mx\/index.php?rest_route=%2Fwp%2Fv2%2Ftags&post=374019"}],"curies":[{"name":"wp","href":"https:\/\/api.w.org\/{rel}","templated":true}]}}