{"id":374458,"date":"2025-10-10T09:47:30","date_gmt":"2025-10-10T15:47:30","guid":{"rendered":"https:\/\/www.elplaneta.mx\/?p=374458"},"modified":"2025-10-10T09:47:36","modified_gmt":"2025-10-10T15:47:36","slug":"destituye-el-congreso-de-peru-a-dina-boluarte-jose-enrique-jeri-ore-nuevo-presidente","status":"publish","type":"post","link":"https:\/\/www.elplaneta.mx\/?p=374458","title":{"rendered":"Destituye el Congreso de Per\u00fa a Dina Boluarte: Jos\u00e9 Enrique Jer\u00ed Or\u00e9, nuevo Presidente"},"content":{"rendered":"<div class=\"wp-block-image\">\n<figure class=\"alignleft size-full\"><img loading=\"lazy\" decoding=\"async\" width=\"449\" height=\"340\" src=\"https:\/\/www.elplaneta.mx\/wp-content\/themes\/elplaneta\/FOTOS\/10P47489575667.jpg\" alt=\"\" class=\"wp-image-374459\" srcset=\"https:\/\/www.elplaneta.mx\/wp-content\/themes\/elplaneta\/FOTOS\/10P47489575667.jpg 449w, https:\/\/www.elplaneta.mx\/wp-content\/themes\/elplaneta\/FOTOS\/10P47489575667-300x227.jpg 300w\" sizes=\"auto, (max-width: 449px) 100vw, 449px\" \/><figcaption class=\"wp-element-caption\">Jos\u00e9 Enrique Jer\u00ed Or\u00e9, nuevo Presidente de Per\u00fa.<\/figcaption><\/figure><\/div>\n\n\n<p>Lima, Per\u00fa, Am\u00e9rica.- El Congreso de Per\u00fa destituy\u00f3 anoche a la presidenta de facto, Dina Boluarte, por \u201cpermanente incapacidad moral\u201d, luego de que los partidos pol\u00edticos que la proteg\u00edan en el Parlamento le quitaron durante la jornada su apoyo en medio de una crisis impulsada por el alza de la criminalidad.<\/p>\n\n\n\n<p>Tras juramentar el titular del Legislativo, Jos\u00e9 Enrique Jer\u00ed Or\u00e9, del democristiano partido Somos Per\u00fa, como nuevo jefe del Ejecutivo, declar\u00f3 la \u201cguerra a la delincuencia\u201d, para la que \u201ctenemos a nuestra polic\u00eda nacional, a nuestras fuerzas armadas\u201d, y llam\u00f3 a la colaboraci\u00f3n del Poder Judicial y la fiscal\u00eda.<\/p>\n\n\n\n<p>Jer\u00ed tiene un historial de denuncias de soborno y ataque sexual a una joven. De ambas causas fue exonerado por falta de pruebas.<\/p>\n\n\n\n<p>Poco despu\u00e9s de la 1:30 horas de este viernes, Jer\u00ed indic\u00f3 que encabeza un \u201cgobierno de transici\u00f3n, de empat\u00eda y reconciliaci\u00f3n nacional\u201d, al llamar a construir acuerdo m\u00ednimo, adem\u00e1s de encomendarse a Dios para que le d\u00e9 \u201csabidur\u00eda\u201d.<\/p>\n\n\n\n<p>La vacancia de la presidencia fue decidida con 118 votos de los 122 parlamentarios presentes en la sesi\u00f3n. No hubo sufragios en contra, ni abstenciones. Se requer\u00edan 87 votos para destituirla.<\/p>\n\n\n\n<p>Frente al Parlamento, manifestantes celebraron con banderas del pa\u00eds y carteles la destituci\u00f3n de la mandataria de 63 a\u00f1os, quien rehus\u00f3 ejercer su derecho a comparecer, al alegar que no se respetaba su derecho a la defensa y el debido proceso.<\/p>\n\n\n\n<p>Fue citada con menos de una hora de anticipaci\u00f3n a las 23:30 horas; luego, por amplia mayor\u00eda se aprobaron cuatro propuestas que buscaban destituirla.<\/p>\n\n\n\n<p>Boluarte lleg\u00f3 al poder el 7 de diciembre de 2022 tras suceder al entonces mandatario Pedro Castillo (2021-2022), de quien era vicepresidenta. Ese d\u00eda Castillo intent\u00f3 disolver el Parlamento, pero el Legislativo contratac\u00f3 y lo destituy\u00f3 por \u201cincapacidad moral\u201d. Castillo est\u00e1 detenido de forma provisional mientras es juzgado por presunta rebeli\u00f3n e investigado por corrupci\u00f3n, en lo que el ex mandatario acus\u00f3 de golpe de Estado.<\/p>\n\n\n\n<p>Fuerza Popular, la ex candidata presidencial Keiko Fujimori, Alianza para el Progreso y Renovaci\u00f3n Popular, del tambi\u00e9n ex candidato presidencial Rafael L\u00f3pez Aliaga, actual alcalde de Lima, anunciaron ayer en la tarde que apoyar\u00edan las mociones para la vacancia. Ambos partidos la protegieron desde el inicio el mandato de Boluarte.<\/p>\n\n\n\n<p>Entonces, por la noche se aprobaron cuatro pedidos para votar su remoci\u00f3n.<\/p>\n\n\n\n<p>\u201cHa crecido la extorsi\u00f3n, la criminalidad, pero ella sigue viviendo en una fantas\u00eda. Merece ser vacada esta se\u00f1ora presidenta, merece ser castigada\u201d, sostuvo la legisladora conservadora Norma Yarrow, durante el debate de la moci\u00f3n de censura y previamente a la votaci\u00f3n sobre la destituci\u00f3n.<\/p>\n\n\n\n<p>En un pedido de la vacancia se acus\u00f3 a Boluarte de enriquecimiento il\u00edcito por el presunto uso indebido de relojes de lujo Rolex y tambi\u00e9n por la matanza de decenas de personas en las protestas de fines 2022 e inicios de 2023, cuando asumi\u00f3 el poder.<\/p>\n\n\n\n<p>M\u00e1s temprano, la mandataria hab\u00eda indicado en una actividad p\u00fablica en el palacio presidencial que culminar\u00eda su gesti\u00f3n programada hasta el 28 de julio de 2026.<\/p>\n\n\n\n<p>La destituci\u00f3n de Boluarte ocurre a seis meses de las elecciones programadas para el 12 de abril de 2026, en las que se elegir\u00e1 un nuevo presidente, 130 diputados y 60 senadores.<\/p>\n\n\n\n<p>Desde el inicio de su mandato se hab\u00edan presentado ocho pedidos legislativos de vacancia contra ella, pero ninguna hab\u00eda prosperado debido a la protecci\u00f3n que la mandataria ten\u00eda de los principales grupos legislativos. Boluarte no tiene bancada legislativa propia.<\/p>\n\n\n\n<p>La crisis pol\u00edtica deton\u00f3 durante la jornada luego de que la noche del mi\u00e9rcoles se produjo un ataque armado en contra uno de los m\u00e1s populares grupos de cumbia en Per\u00fa, llamado Agua Marina, que dej\u00f3 cinco heridos de bala. El ataque fue considerado una muestra m\u00e1s del alza incontenible de la criminalidad \u2013en especial de los asesinatos y extorsiones\u2013 que el gobierno de Boluarte no ha logrado detener.<\/p>\n\n\n\n<p>En los primeros tres meses de su gesti\u00f3n se produjeron m\u00e1s de 500 protestas que exig\u00edan su renuncia, seg\u00fan datos oficiales. Boluarte prometi\u00f3 de forma p\u00fablica en 2021 renunciar si Castillo era destituido. Pero, una vez que Castillo fue removido, Boluarte no dimiti\u00f3, lo que fue calificado de traici\u00f3n.<\/p>\n\n\n\n<p>Deja atr\u00e1s un expediente de represi\u00f3n<\/p>\n\n\n\n<p>Las manifestaciones, sobre todo en los Andes del sur, dejaron 50 civiles muertos, casi todos por heridas de bala, incluido ocho menores de edad. Seg\u00fan informes de organismos internacionales, como la Organizaci\u00f3n de Naciones Unidas, la polic\u00eda reprimi\u00f3 las manifestaciones con uso excesivo de la fuerza.<\/p>\n\n\n\n<p>Desde 2016, Per\u00fa ha tenido seis mandatarios: dos destituidos por el Congreso; dos que renunciaron antes de correr la misma suerte, uno que complet\u00f3 su mandato interino y Boluarte, que lleg\u00f3 luego del frustrado intento de Pedro Castillo de disolver el Congreso. Tres ex mandatarios est\u00e1n en prisi\u00f3n por casos de corrupci\u00f3n o acusados de abuso de poder, como es el caso de Castillo.<\/p>\n\n\n\n<p>Antes de la destituci\u00f3n, Castillo record\u00f3 en un mensaje en X que a \u00e9l lo depusieron \u201csin alcanzar los 104 votos que exige la ley\u201d, y a\u00f1adi\u00f3 que \u201ccon m\u00e1s de 104 votos, se aprob\u00f3 la admisi\u00f3n de cuatro mociones para vacar a la usurpadora Boluarte. Cuando se apruebe dicha vacancia, tambi\u00e9n con 104 votos o m\u00e1s, se producir\u00e1 un vac\u00edo de poder, momento en el que corresponder\u00e1 derogar la resoluci\u00f3n 001-2022-2023-CR con el que se me vac\u00f3 (destituy\u00f3) inconstitucionalmente y, por lo tanto, se debe restituir mi mandato\u201d.<\/p>\n","protected":false},"excerpt":{"rendered":"<p>Lima, Per\u00fa, Am\u00e9rica.- El Congreso de Per\u00fa destituy\u00f3 anoche a la presidenta de facto, Dina&#8230;<\/p>\n","protected":false},"author":1,"featured_media":374459,"comment_status":"open","ping_status":"open","sticky":false,"template":"","format":"standard","meta":{"footnotes":""},"categories":[139],"tags":[],"class_list":["post-374458","post","type-post","status-publish","format-standard","has-post-thumbnail","hentry","category-continental"],"gutentor_comment":0,"_links":{"self":[{"href":"https:\/\/www.elplaneta.mx\/index.php?rest_route=\/wp\/v2\/posts\/374458","targetHints":{"allow":["GET"]}}],"collection":[{"href":"https:\/\/www.elplaneta.mx\/index.php?rest_route=\/wp\/v2\/posts"}],"about":[{"href":"https:\/\/www.elplaneta.mx\/index.php?rest_route=\/wp\/v2\/types\/post"}],"author":[{"embeddable":true,"href":"https:\/\/www.elplaneta.mx\/index.php?rest_route=\/wp\/v2\/users\/1"}],"replies":[{"embeddable":true,"href":"https:\/\/www.elplaneta.mx\/index.php?rest_route=%2Fwp%2Fv2%2Fcomments&post=374458"}],"version-history":[{"count":1,"href":"https:\/\/www.elplaneta.mx\/index.php?rest_route=\/wp\/v2\/posts\/374458\/revisions"}],"predecessor-version":[{"id":374460,"href":"https:\/\/www.elplaneta.mx\/index.php?rest_route=\/wp\/v2\/posts\/374458\/revisions\/374460"}],"wp:featuredmedia":[{"embeddable":true,"href":"https:\/\/www.elplaneta.mx\/index.php?rest_route=\/wp\/v2\/media\/374459"}],"wp:attachment":[{"href":"https:\/\/www.elplaneta.mx\/index.php?rest_route=%2Fwp%2Fv2%2Fmedia&parent=374458"}],"wp:term":[{"taxonomy":"category","embeddable":true,"href":"https:\/\/www.elplaneta.mx\/index.php?rest_route=%2Fwp%2Fv2%2Fcategories&post=374458"},{"taxonomy":"post_tag","embeddable":true,"href":"https:\/\/www.elplaneta.mx\/index.php?rest_route=%2Fwp%2Fv2%2Ftags&post=374458"}],"curies":[{"name":"wp","href":"https:\/\/api.w.org\/{rel}","templated":true}]}}