{"id":374653,"date":"2025-10-15T11:26:00","date_gmt":"2025-10-15T17:26:00","guid":{"rendered":"https:\/\/www.elplaneta.mx\/?p=374653"},"modified":"2025-10-15T11:26:05","modified_gmt":"2025-10-15T17:26:05","slug":"conoce-las-actividades-de-la-uanl-en-la-feria-del-libro-de-monterrey","status":"publish","type":"post","link":"https:\/\/www.elplaneta.mx\/?p=374653","title":{"rendered":"Conoce las actividades de la UANL en la Feria del Libro de Monterrey"},"content":{"rendered":"<div class=\"wp-block-image\">\n<figure class=\"alignleft size-full\"><img loading=\"lazy\" decoding=\"async\" width=\"576\" height=\"324\" src=\"https:\/\/www.elplaneta.mx\/wp-content\/themes\/elplaneta\/FOTOS\/15N3476495865766.jpg\" alt=\"\" class=\"wp-image-374654\" srcset=\"https:\/\/www.elplaneta.mx\/wp-content\/themes\/elplaneta\/FOTOS\/15N3476495865766.jpg 576w, https:\/\/www.elplaneta.mx\/wp-content\/themes\/elplaneta\/FOTOS\/15N3476495865766-300x169.jpg 300w\" sizes=\"auto, (max-width: 576px) 100vw, 576px\" \/><\/figure><\/div>\n\n\n<p>Monterrey, Nuevo Le\u00f3n, M\u00e9xico, Am\u00e9rica.- La Editorial Universitaria de la Universidad Aut\u00f3noma de Nuevo Le\u00f3n participar\u00e1 en la Feria Internacional del Libro Monterrey 2025 con una agenda de m\u00e1s de 60 actividades que se realiza del 11 al 19 de octubre en Cintermex.<\/p>\n\n\n\n<p>El programa incluye presentaciones editoriales, espect\u00e1culos de narraci\u00f3n oral y colaboraciones con facultades, preparatorias, instituciones e investigadores de la M\u00e1xima Casa de Estudios del Estado.<\/p>\n\n\n\n<p>Adem\u00e1s de la ceremonia de entrega de reconocimientos del Diplomado de Formaci\u00f3n Permanente \u201cGesti\u00f3n y Emprendimiento Librero\u201d, en coordinaci\u00f3n con la RELI, y la lectura de la actual generaci\u00f3n de los becarios del Centro de Creaci\u00f3n Literaria Universitaria.<\/p>\n\n\n\n<p>\u201cEste a\u00f1o llegamos a la feria con una propuesta amplia y diversa, que refleja no solo el trabajo editorial, sino tambi\u00e9n la riqueza cultural y art\u00edstica de la Universidad y c\u00f3mo se transmite a su comunidad\u201d, se\u00f1alo Antonio Ramos Revillas, Director de la Editorial Universitaria UANL.<\/p>\n\n\n\n<p>PROGRAMACI\u00d3N<\/p>\n\n\n\n<p>Literatura local y premios nacionales<\/p>\n\n\n\n<p>&nbsp;&nbsp;&nbsp; El hermoso ruido de la motocicleta que nos trae la pizza, poemario de Armando Alan\u00eds Pulido, Premio Nacional Clemencia Isaura de Poes\u00eda 2025.<\/p>\n\n\n\n<p>&nbsp;&nbsp;&nbsp; Nociones de la luz, de Roberto L\u00f3pez, Premio Nacional de Literatura Gilberto Owen 2025.<\/p>\n\n\n\n<p>&nbsp;&nbsp;&nbsp; Presentaci\u00f3n de autores como Efr\u00e9n Ord\u00f3\u00f1ez, Luis Panini, Lorena Sanmill\u00e1n y Claudina Domingo, entre otros.<\/p>\n\n\n\n<p>Presentaciones destacadas<\/p>\n\n\n\n<p>&nbsp;&nbsp;&nbsp; Reimaginar la mirada. Cartograf\u00edas, rutas y saberes del libro ilustrado, de Andrea Puentes Silva, obra que analiza la evoluci\u00f3n del libro \u00e1lbum en M\u00e9xico y su impacto en la literatura infantil y juvenil.<\/p>\n\n\n\n<p>&nbsp;&nbsp;&nbsp; Presentaci\u00f3n editorial del nuevo n\u00famero de Armas y Letras.<\/p>\n\n\n\n<p>&nbsp;&nbsp;&nbsp; Presentaci\u00f3n de El mar alfonsino: Una literatura de anchuroso fluir, de Minerva Margarita Villarreal QEPD.Participan: Ludivina Cant\u00fa, V\u00edctor Barrera Enderle y Alfredo Iv\u00e1n Mata.<\/p>\n\n\n\n<p>&nbsp;&nbsp;&nbsp; La sagrada familia (tres cuentos largos) de Luis Panini \/ Edita: UANL-Fondo Editorial de Nuevo Le\u00f3n.<\/p>\n\n\n\n<p>Proyectos universitarios<\/p>\n\n\n\n<p>&nbsp;&nbsp;&nbsp; Muestra literaria del Centro de Creaci\u00f3n Literaria Universitaria 2025. Participan: Carlos Eugenio Hern\u00e1ndez Imperial, Dulce Mar\u00eda Bautista Salas, \u00c9dgar Alan\u00eds Res\u00e9ndez, Dana Atalia Hern\u00e1ndez Tovar y Diana Guadalupe Trevi\u00f1o Garc\u00eda.<\/p>\n\n\n\n<p>&nbsp;&nbsp;&nbsp; Presentaci\u00f3n de libros y revistas realizadas por preparatorias y facultades de la UANL, que muestran la diversidad del conocimiento y participaci\u00f3n estudiantil.<\/p>\n\n\n\n<p>M\u00e1s eventos pueden consultarse en el siguiente enlace: Facebook.<\/p>\n\n\n\n<p>\u201cComo nunca antes, llegamos con un cat\u00e1logo fuerte de poetas y narradores locales. La feria ser\u00e1 un escaparate para mostrar a los nuevos autores, as\u00ed como a aquellos que han sido reconocidos a nivel nacional\u201d.<\/p>\n\n\n\n<p>La Editorial Universitaria invita a la comunidad lectora a visitar el stand 109 de la UANL, donde se encontrar\u00e1n las m\u00e1s recientes novedades en narrativa, poes\u00eda, ensayo y publicaciones peri\u00f3dicas de la Universidad.<\/p>\n","protected":false},"excerpt":{"rendered":"<p>Monterrey, Nuevo Le\u00f3n, M\u00e9xico, Am\u00e9rica.- La Editorial Universitaria de la Universidad Aut\u00f3noma de Nuevo Le\u00f3n&#8230;<\/p>\n","protected":false},"author":1,"featured_media":374654,"comment_status":"open","ping_status":"open","sticky":false,"template":"","format":"standard","meta":{"footnotes":""},"categories":[151],"tags":[],"class_list":["post-374653","post","type-post","status-publish","format-standard","has-post-thumbnail","hentry","category-espectaculos"],"gutentor_comment":0,"_links":{"self":[{"href":"https:\/\/www.elplaneta.mx\/index.php?rest_route=\/wp\/v2\/posts\/374653","targetHints":{"allow":["GET"]}}],"collection":[{"href":"https:\/\/www.elplaneta.mx\/index.php?rest_route=\/wp\/v2\/posts"}],"about":[{"href":"https:\/\/www.elplaneta.mx\/index.php?rest_route=\/wp\/v2\/types\/post"}],"author":[{"embeddable":true,"href":"https:\/\/www.elplaneta.mx\/index.php?rest_route=\/wp\/v2\/users\/1"}],"replies":[{"embeddable":true,"href":"https:\/\/www.elplaneta.mx\/index.php?rest_route=%2Fwp%2Fv2%2Fcomments&post=374653"}],"version-history":[{"count":1,"href":"https:\/\/www.elplaneta.mx\/index.php?rest_route=\/wp\/v2\/posts\/374653\/revisions"}],"predecessor-version":[{"id":374655,"href":"https:\/\/www.elplaneta.mx\/index.php?rest_route=\/wp\/v2\/posts\/374653\/revisions\/374655"}],"wp:featuredmedia":[{"embeddable":true,"href":"https:\/\/www.elplaneta.mx\/index.php?rest_route=\/wp\/v2\/media\/374654"}],"wp:attachment":[{"href":"https:\/\/www.elplaneta.mx\/index.php?rest_route=%2Fwp%2Fv2%2Fmedia&parent=374653"}],"wp:term":[{"taxonomy":"category","embeddable":true,"href":"https:\/\/www.elplaneta.mx\/index.php?rest_route=%2Fwp%2Fv2%2Fcategories&post=374653"},{"taxonomy":"post_tag","embeddable":true,"href":"https:\/\/www.elplaneta.mx\/index.php?rest_route=%2Fwp%2Fv2%2Ftags&post=374653"}],"curies":[{"name":"wp","href":"https:\/\/api.w.org\/{rel}","templated":true}]}}