{"id":374680,"date":"2025-10-15T15:08:27","date_gmt":"2025-10-15T21:08:27","guid":{"rendered":"https:\/\/www.elplaneta.mx\/?p=374680"},"modified":"2025-10-15T15:08:59","modified_gmt":"2025-10-15T21:08:59","slug":"crean-dispositivo-para-corregir-malformacion-craneal-en-menores-uanl","status":"publish","type":"post","link":"https:\/\/www.elplaneta.mx\/?p=374680","title":{"rendered":"Crean dispositivo para corregir malformaci\u00f3n craneal en menores: UANL"},"content":{"rendered":"<div class=\"wp-block-image\">\n<figure class=\"alignleft size-full\"><img loading=\"lazy\" decoding=\"async\" width=\"768\" height=\"432\" src=\"https:\/\/www.elplaneta.mx\/wp-content\/themes\/elplaneta\/FOTOS\/15N476489685756.jpg\" alt=\"\" class=\"wp-image-374681\" srcset=\"https:\/\/www.elplaneta.mx\/wp-content\/themes\/elplaneta\/FOTOS\/15N476489685756.jpg 768w, https:\/\/www.elplaneta.mx\/wp-content\/themes\/elplaneta\/FOTOS\/15N476489685756-300x169.jpg 300w\" sizes=\"auto, (max-width: 768px) 100vw, 768px\" \/><\/figure><\/div>\n\n\n<p>Monterrey, Nuevo Le\u00f3n, Am\u00e9rica.- La \u00f3rtesis elaborada por el equipo del investigaci\u00f3n de la Facultad de Arquitectura David Adri\u00e1n Zambrano cuenta con elementos que se adaptan al crecimiento del cr\u00e1neo de los infantes.<\/p>\n\n\n\n<p>La craneosinostosis representa una anomal\u00eda cong\u00e9nita en donde una o m\u00e1s suturas del cr\u00e1neo de un infante se cierran prematuramente. Esta condici\u00f3n impide el crecimiento adecuado del cr\u00e1neo y puede causar una malformaci\u00f3n en la cabeza que afecta al cerebro. Se estima que la craneosinostosis ocurre en uno de cada dos mil nacimientos.<\/p>\n\n\n\n<p>Ante este panorama, un proyecto de investigaci\u00f3n desarrollado por la Universidad Aut\u00f3noma de Nuevo Le\u00f3n (UANL) consiste en la elaboraci\u00f3n de una \u00f3rtesis craneal con elementos removibles para ni\u00f1os con craneosinostosis, el cual se enfoca en adaptarlo de acuerdo al crecimiento del cr\u00e1neo del menor.<\/p>\n\n\n\n<p>Como parte de un proyecto para la materia de Dise\u00f1o para la Salud, la \u00f3rtesis elaborada en conjunto con la empresa Inside3D permite una mejor adaptabilidad y facilita la remoci\u00f3n de sus elementos para el ajuste derivado de las necesidades del paciente.<\/p>\n\n\n\n<p>De acuerdo con la gravedad de la craneosinostosis, para su tratamiento se utilizan cascos m\u00e9dicos especiales que ayudan a moldear el cr\u00e1neo del beb\u00e9 para darle una forma regular a medida que crece. En algunos casos, el casco se utiliza como tratamiento complementario despu\u00e9s de una cirug\u00eda endosc\u00f3pica.<\/p>\n\n\n\n<p>El proyecto estuvo encabezado por el profesor investigador de la Facultad de Arquitectura David Adri\u00e1n Zambrano Morales, quien, junto a tres estudiantes de licenciatura, dise\u00f1\u00f3 la pr\u00f3tesis para el tratamiento de esta afecci\u00f3n craneal.<\/p>\n\n\n\n<p>Un tratamiento adaptable<\/p>\n\n\n\n<p>Zambrano Morales mencion\u00f3 que las estudiantes idearon soluciones para la confortabilidad de la \u00f3rtesis craneal a trav\u00e9s del ajuste de acuerdo al tratamiento del paciente. Se\u00f1al\u00f3 que el dispositivo es \u00fatil para la correcci\u00f3n craneal como tratamiento ortop\u00e9dico con dispositivos en forma de casco.<\/p>\n\n\n\n<p>Crean dispositivo para corregir malformaci\u00f3n craneal en menores<\/p>\n\n\n\n<p>\u201cEl proceso de este proyecto comenz\u00f3 con la requisici\u00f3n de la empresa Inside3D que necesitaba hacer el desarrollo de una \u00f3rtesis craneal. A partir de un modelo en 3D, nosotros comenzamos a dise\u00f1ar este proyecto con el objetivo de que tuviera un mejor rendimiento y aprovechamiento\u00bb.<\/p>\n\n\n\n<p>David Adri\u00e1n Zambrano Morales<\/p>\n\n\n\n<p>Investigador de la Facultad de Arquitectura<\/p>\n\n\n\n<p>\u201cLos estudiantes que participaron estuvieron ideando de qu\u00e9 manera esta \u00f3rtesis se pod\u00eda remover y ajustar de acuerdo al proceso de adaptaci\u00f3n que iba teniendo el ni\u00f1o en el cr\u00e1neo\u201d, expres\u00f3.<\/p>\n\n\n\n<p>Crean dispositivo para corregir malformaci\u00f3n craneal en menores<\/p>\n\n\n\n<p>El proyecto recibi\u00f3 un registro de patente como modelo de utilidad por parte del Instituto Mexicano de la Propiedad Intelectual (IMPI) y un reconocimiento en la ceremonia del Premio UANL a la Invenci\u00f3n 2025.<\/p>\n\n\n\n<p>\u201cEl incentivar no nada m\u00e1s con estos premios de la invenci\u00f3n, sino con los apoyos para la elaboraci\u00f3n de estos proyectos hacen que lleguen a trascender un poco m\u00e1s. La investigaci\u00f3n no solo se debe quedar en papel, sino que se le debe de dar un seguimiento y un trasfondo en la sociedad\u201d, agreg\u00f3 Zambrano Morales.<\/p>\n\n\n\n<p>Inventores<\/p>\n\n\n\n<p>&nbsp;&nbsp;&nbsp; David Adri\u00e1n Zambrano Morales<\/p>\n\n\n\n<p>&nbsp;&nbsp;&nbsp; Karina Haydee Buzo Mart\u00ednez<\/p>\n\n\n\n<p>&nbsp;&nbsp;&nbsp; Adriana Chapa Trevi\u00f1o<\/p>\n\n\n\n<p>&nbsp;&nbsp;&nbsp; Alejandra Monserrat Elizondo Aranda<\/p>\n\n\n\n<p><\/p>\n","protected":false},"excerpt":{"rendered":"<p>Monterrey, Nuevo Le\u00f3n, Am\u00e9rica.- La \u00f3rtesis elaborada por el equipo del investigaci\u00f3n de la Facultad&#8230;<\/p>\n","protected":false},"author":1,"featured_media":374681,"comment_status":"open","ping_status":"open","sticky":false,"template":"","format":"standard","meta":{"footnotes":""},"categories":[138,583],"tags":[],"class_list":["post-374680","post","type-post","status-publish","format-standard","has-post-thumbnail","hentry","category-ciencia","category-principales"],"gutentor_comment":0,"_links":{"self":[{"href":"https:\/\/www.elplaneta.mx\/index.php?rest_route=\/wp\/v2\/posts\/374680","targetHints":{"allow":["GET"]}}],"collection":[{"href":"https:\/\/www.elplaneta.mx\/index.php?rest_route=\/wp\/v2\/posts"}],"about":[{"href":"https:\/\/www.elplaneta.mx\/index.php?rest_route=\/wp\/v2\/types\/post"}],"author":[{"embeddable":true,"href":"https:\/\/www.elplaneta.mx\/index.php?rest_route=\/wp\/v2\/users\/1"}],"replies":[{"embeddable":true,"href":"https:\/\/www.elplaneta.mx\/index.php?rest_route=%2Fwp%2Fv2%2Fcomments&post=374680"}],"version-history":[{"count":1,"href":"https:\/\/www.elplaneta.mx\/index.php?rest_route=\/wp\/v2\/posts\/374680\/revisions"}],"predecessor-version":[{"id":374682,"href":"https:\/\/www.elplaneta.mx\/index.php?rest_route=\/wp\/v2\/posts\/374680\/revisions\/374682"}],"wp:featuredmedia":[{"embeddable":true,"href":"https:\/\/www.elplaneta.mx\/index.php?rest_route=\/wp\/v2\/media\/374681"}],"wp:attachment":[{"href":"https:\/\/www.elplaneta.mx\/index.php?rest_route=%2Fwp%2Fv2%2Fmedia&parent=374680"}],"wp:term":[{"taxonomy":"category","embeddable":true,"href":"https:\/\/www.elplaneta.mx\/index.php?rest_route=%2Fwp%2Fv2%2Fcategories&post=374680"},{"taxonomy":"post_tag","embeddable":true,"href":"https:\/\/www.elplaneta.mx\/index.php?rest_route=%2Fwp%2Fv2%2Ftags&post=374680"}],"curies":[{"name":"wp","href":"https:\/\/api.w.org\/{rel}","templated":true}]}}