{"id":374909,"date":"2025-10-22T15:06:24","date_gmt":"2025-10-22T21:06:24","guid":{"rendered":"https:\/\/www.elplaneta.mx\/?p=374909"},"modified":"2025-10-22T15:06:29","modified_gmt":"2025-10-22T21:06:29","slug":"inicia-ciclo-de-cine-tamaulipeco-del-22-al-26-de-octubre","status":"publish","type":"post","link":"https:\/\/www.elplaneta.mx\/?p=374909","title":{"rendered":"Inicia Ciclo de Cine Tamaulipeco del 22 al 26 de octubre"},"content":{"rendered":"<div class=\"wp-block-image\">\n<figure class=\"alignleft size-full\"><img loading=\"lazy\" decoding=\"async\" width=\"560\" height=\"373\" src=\"https:\/\/www.elplaneta.mx\/wp-content\/themes\/elplaneta\/FOTOS\/22T3459457475656.jpeg\" alt=\"\" class=\"wp-image-374910\" srcset=\"https:\/\/www.elplaneta.mx\/wp-content\/themes\/elplaneta\/FOTOS\/22T3459457475656.jpeg 560w, https:\/\/www.elplaneta.mx\/wp-content\/themes\/elplaneta\/FOTOS\/22T3459457475656-300x200.jpeg 300w\" sizes=\"auto, (max-width: 560px) 100vw, 560px\" \/><\/figure><\/div>\n\n\n<p>Ciudad Victoria, Tamaulipas, M\u00e9xico, Am\u00e9rica.- Como parte de los compromisos emprendidos por el Gobierno de Tamaulipas, a trav\u00e9s de la Secretar\u00eda de Bienestar Social y el Instituto Tamaulipeco para la Cultura y las Artes (ITCA), la oferta cultural del Festival Internacional en la Costa del Seno Mexicano se extender\u00e1 por medio del programa \u00abEcos del Festival\u00bb, el primero de ellos enfocado en el s\u00e9ptimo arte, con la participaci\u00f3n del talento de cineastas tamaulipecos.<\/p>\n\n\n\n<p>\u00abEs primordial difundir la visi\u00f3n art\u00edstica de nuestros cineastas, una disciplina que requiere empuje y dedicaci\u00f3n y en este ciclo podremos constatarlo, viendo el modo de hacer cine y las historias que se cuentan desde Tamaulipas\u00bb, explic\u00f3 el director general del ITCA, H\u00e9ctor Romero- Lecanda.<\/p>\n\n\n\n<p>\u00abPor ello, siguiendo la encomienda del gobernador Am\u00e9rico Villarreal, lanzamos una convocatoria p\u00fablica en septiembre, de la que resultaron seleccionados 15 proyectos; entre cine documental e interesantes historias creadas para la pantalla grande, podremos disfrutar del cine hecho en casa\u00bb, agreg\u00f3.<\/p>\n\n\n\n<p>A la convocatoria llegaron 46 cortometrajes entre ficci\u00f3n y documental, adem\u00e1s de 3 largometrajes, de los cuales se seleccionaron 13 cortometrajes y 2 pel\u00edculas de largo formato.<\/p>\n\n\n\n<p>PROYECCIONES Y DI\u00c1LOGOS<\/p>\n\n\n\n<p>La programaci\u00f3n se llevar\u00e1 a cabo simultaneamente en cuatro sedes; Teatro Lucio Blanco de Casa de la Cultura, en Nuevo Laredo, gracias al apoyo del Gobierno municipal; tambi\u00e9n en el Museo de Arte Contempor\u00e1neo de Tamaulipas, en Matamoros; la Cineteca Tamaulipas, en Ciudad Victoria y el Parque Cultural Reynosa.<\/p>\n\n\n\n<p>Con funciones diarias a las 18:30 horas, el p\u00fablico podr\u00e1 dialogar con los directores de las pel\u00edculas en cada sede; Eric Gerardo Ramos, director de \u00abPaquidermo\u00bb en&nbsp; Reynosa el 22 de octubre; Alejandro M\u00e1rquez Garc\u00eda, director de \u00abMemorias\u00bb, en Ciudad Victoria el 23 de octubre, adem\u00e1s de Mauricio S\u00e1enz- C\u00e1novas y Rodrigo Verazaluce el 24 de octubre en Matamoros.<\/p>\n\n\n\n<p>El 25 de octubre la charla ser\u00e1 con Athenea Victoria Dimas, Jos\u00e9 Heriberto Pozos, Adbeel Dar\u00edo Duarte, Clio Acosta y Eduardo Serrato en Ciudad Victoria, mientras que en Nuevo Laredo ser\u00e1n Miranda Garc\u00eda e Hiram V\u00e1zquez quienes compartir\u00e1n su experiencia.<\/p>\n\n\n\n<p>Finalmente, Sharanny Rashell P\u00e9rez y Jes\u00fas Manuel Zu\u00f1iga Ponce platicar\u00e1n en el MACT sobre su proceso el 26 de octubre.<\/p>\n\n\n\n<p>La cartelera completa del Ciclo de Cine Tamaulipeco est\u00e1 disponible en las redes sociales del Instituto Tamaulipeco para la Cultura y las Artes.<\/p>\n\n\n\n<p>Programaci\u00f3n:<\/p>\n\n\n\n<p>22 de octubre<\/p>\n\n\n\n<p>Paquidermo (2025)<\/p>\n\n\n\n<p>Largometraje documental<\/p>\n\n\n\n<p>Dir. Eric Gerardo Ramos Ramos<\/p>\n\n\n\n<p>23 de octubre<\/p>\n\n\n\n<p>Memorias (2021)<\/p>\n\n\n\n<p>Largometraje<\/p>\n\n\n\n<p>Dir. Alejandro M\u00e1rquez Garc\u00eda<\/p>\n\n\n\n<p>24 de octubre<\/p>\n\n\n\n<p>Meteorito (2019)<\/p>\n\n\n\n<p>Cortometraje<\/p>\n\n\n\n<p>Dir. Mauricio S\u00e1enz- C\u00e1novas<\/p>\n\n\n\n<p>Tigre, Tigre (2022)<\/p>\n\n\n\n<p>Cortometraje<\/p>\n\n\n\n<p>Dir. Mauricio S\u00e1enz- C\u00e1novas<\/p>\n\n\n\n<p>Ni\u00f1o halc\u00f3n duerme entre visiones de un incendio (2024)<\/p>\n\n\n\n<p>Cortometraje<\/p>\n\n\n\n<p>Dir. Mauricio S\u00e1enz- C\u00e1novas<\/p>\n\n\n\n<p>Pesadumbre (2025)<\/p>\n\n\n\n<p>Cortometraje documental<\/p>\n\n\n\n<p>Dir. Jorge Enrique Gonz\u00e1lez Venegas<\/p>\n\n\n\n<p>25 de octubre<\/p>\n\n\n\n<p>Nadie pregunt\u00f3 por S\u00f3crates (2025)<\/p>\n\n\n\n<p>Cortometraje<\/p>\n\n\n\n<p>Dir. Athenea Victoria Dimas Brise\u00f1o<\/p>\n\n\n\n<p>La tumba del mojado (2025)<\/p>\n\n\n\n<p>Cortometraje<\/p>\n\n\n\n<p>Dir. Jos\u00e9 Heriberto Pozos Gonz\u00e1lez<\/p>\n\n\n\n<p>Volver a lo mismo (2025)<\/p>\n\n\n\n<p>Cortometraje<\/p>\n\n\n\n<p>Dir. Adbeel Dar\u00edo Duarte Hern\u00e1ndez<\/p>\n\n\n\n<p>Los 7 platillos (2022)<\/p>\n\n\n\n<p>Cortometraje<\/p>\n\n\n\n<p>Dir. Cl\u00edo Alexia Acosta Mart\u00ednez<\/p>\n\n\n\n<p>Desde las estrellas (2022)<\/p>\n\n\n\n<p>Cortometraje<\/p>\n\n\n\n<p>Dir. Eduardo Serrato Rodr\u00edguez<\/p>\n\n\n\n<p>26 de octubre<\/p>\n\n\n\n<p>Benito y muchos m\u00e1s (2020)<\/p>\n\n\n\n<p>Cortometraje documental<\/p>\n\n\n\n<p>Dir. Mar\u00eda del Rosario Lugo Cruz<\/p>\n\n\n\n<p>S.D.R. Ser De Reynosa (2021)<\/p>\n\n\n\n<p>Cortometraje documental<\/p>\n\n\n\n<p>Dir. Jes\u00fas Manuel Zu\u00f1iga Ponce<\/p>\n\n\n\n<p>Bailar\u00edn y punto (2017)<\/p>\n\n\n\n<p>Cortometraje documental<\/p>\n\n\n\n<p>Dir. Sharanny Rashell P\u00e9rez C\u00e1rdenas<\/p>\n\n\n\n<p>A trav\u00e9s del barro (2019)<\/p>\n\n\n\n<p>Cortometraje documental<\/p>\n","protected":false},"excerpt":{"rendered":"<p>Ciudad Victoria, Tamaulipas, M\u00e9xico, Am\u00e9rica.- Como parte de los compromisos emprendidos por el Gobierno de&#8230;<\/p>\n","protected":false},"author":1,"featured_media":374910,"comment_status":"open","ping_status":"open","sticky":false,"template":"","format":"standard","meta":{"footnotes":""},"categories":[151],"tags":[],"class_list":["post-374909","post","type-post","status-publish","format-standard","has-post-thumbnail","hentry","category-espectaculos"],"gutentor_comment":0,"_links":{"self":[{"href":"https:\/\/www.elplaneta.mx\/index.php?rest_route=\/wp\/v2\/posts\/374909","targetHints":{"allow":["GET"]}}],"collection":[{"href":"https:\/\/www.elplaneta.mx\/index.php?rest_route=\/wp\/v2\/posts"}],"about":[{"href":"https:\/\/www.elplaneta.mx\/index.php?rest_route=\/wp\/v2\/types\/post"}],"author":[{"embeddable":true,"href":"https:\/\/www.elplaneta.mx\/index.php?rest_route=\/wp\/v2\/users\/1"}],"replies":[{"embeddable":true,"href":"https:\/\/www.elplaneta.mx\/index.php?rest_route=%2Fwp%2Fv2%2Fcomments&post=374909"}],"version-history":[{"count":1,"href":"https:\/\/www.elplaneta.mx\/index.php?rest_route=\/wp\/v2\/posts\/374909\/revisions"}],"predecessor-version":[{"id":374911,"href":"https:\/\/www.elplaneta.mx\/index.php?rest_route=\/wp\/v2\/posts\/374909\/revisions\/374911"}],"wp:featuredmedia":[{"embeddable":true,"href":"https:\/\/www.elplaneta.mx\/index.php?rest_route=\/wp\/v2\/media\/374910"}],"wp:attachment":[{"href":"https:\/\/www.elplaneta.mx\/index.php?rest_route=%2Fwp%2Fv2%2Fmedia&parent=374909"}],"wp:term":[{"taxonomy":"category","embeddable":true,"href":"https:\/\/www.elplaneta.mx\/index.php?rest_route=%2Fwp%2Fv2%2Fcategories&post=374909"},{"taxonomy":"post_tag","embeddable":true,"href":"https:\/\/www.elplaneta.mx\/index.php?rest_route=%2Fwp%2Fv2%2Ftags&post=374909"}],"curies":[{"name":"wp","href":"https:\/\/api.w.org\/{rel}","templated":true}]}}