{"id":374954,"date":"2025-10-24T08:46:17","date_gmt":"2025-10-24T14:46:17","guid":{"rendered":"https:\/\/www.elplaneta.mx\/?p=374954"},"modified":"2025-10-24T08:46:21","modified_gmt":"2025-10-24T14:46:21","slug":"ordena-reservar-bicillin-l-a-solo-para-embarazadas-con-sifilis-en-puerto-rico","status":"publish","type":"post","link":"https:\/\/www.elplaneta.mx\/?p=374954","title":{"rendered":"Ordena reservar Bicillin L-A s\u00f3lo para embarazadas con s\u00edfilis en Puerto Rico"},"content":{"rendered":"<div class=\"wp-block-image\">\n<figure class=\"alignleft size-full\"><img loading=\"lazy\" decoding=\"async\" width=\"436\" height=\"343\" src=\"https:\/\/www.elplaneta.mx\/wp-content\/themes\/elplaneta\/FOTOS\/24P47498587456545.jpg\" alt=\"\" class=\"wp-image-374955\" srcset=\"https:\/\/www.elplaneta.mx\/wp-content\/themes\/elplaneta\/FOTOS\/24P47498587456545.jpg 436w, https:\/\/www.elplaneta.mx\/wp-content\/themes\/elplaneta\/FOTOS\/24P47498587456545-300x236.jpg 300w\" sizes=\"auto, (max-width: 436px) 100vw, 436px\" \/><figcaption class=\"wp-element-caption\">V\u00edctor M. Ramos Otero<\/figcaption><\/figure><\/div>\n\n\n<p>San Juan, Puerto Rico, Am\u00e9rica.- El secretario del Departamento de Salud (DS), Dr. V\u00edctor M. Ramos Otero, emiti\u00f3 la Orden Administrativa N\u00fam. 626, que dispone el uso exclusivo del antibi\u00f3tico Bicillin L-A para embarazadas diagnosticadas con s\u00edfilis, en respuesta a la actual escasez nacional del medicamento.<\/p>\n\n\n\n<p>La medida busca garantizar el tratamiento oportuno y prevenir la transmisi\u00f3n cong\u00e9nita de la enfermedad, ya que Bicillin L-A es el \u00fanico tratamiento seguro y eficaz durante el embarazo.<\/p>\n\n\n\n<p>Prioridad: Proteger la salud materno-infantil<\/p>\n\n\n\n<p>\u00abEl Bicillin L-A, una forma de penicilina, es crucial en el tratamiento de la s\u00edfilis, particularmente en los casos de s\u00edfilis cong\u00e9nita, que ocurre cuando una madre infectada transmite la enfermedad al feto durante el embarazo o el parto\u00bb, explic\u00f3 Ramos Otero.<\/p>\n\n\n\n<p>El secretario afirm\u00f3 que esta condici\u00f3n puede provocar muerte fetal o complicaciones graves a largo plazo si no se trata de forma adecuada.<\/p>\n\n\n\n<p>\u00abDado que el Bicillin L-A no tiene sustituto terap\u00e9utico equivalente en mujeres embarazadas, es indispensable priorizar su disponibilidad para proteger la salud materno infantil\u00bb, a\u00f1adi\u00f3.<\/p>\n\n\n\n<p>\u00bfQu\u00e9 es la s\u00edfilis?<\/p>\n\n\n\n<p>La s\u00edfilis es una infecci\u00f3n de transmisi\u00f3n sexual causada por la bacteria Treponema pallidum. Se transmite principalmente por contacto sexual, aunque tambi\u00e9n puede pasar de la madre al beb\u00e9 durante el embarazo o el parto.<\/p>\n\n\n\n<p>En su etapa inicial, suele manifestarse con una llaga peque\u00f1a e indolora, acompa\u00f1ada en ocasiones de inflamaci\u00f3n de ganglios linf\u00e1ticos. Si no se trata, puede progresar hacia una erupci\u00f3n cut\u00e1nea que aparece en manos y pies y, en etapas avanzadas, causar da\u00f1os irreversibles en \u00f3rganos como el cerebro, el coraz\u00f3n y los ojos.<\/p>\n\n\n\n<p>Crisis global de suministro<\/p>\n\n\n\n<p>Ramos Otero explic\u00f3 que la escasez de Bicillin L-A forma parte de una crisis global de medicamentos, impulsada por el aumento de las infecciones, la inflaci\u00f3n y las interrupciones en las cadenas de suministro.<\/p>\n\n\n\n<p>\u00abEs una situaci\u00f3n que afecta a los sistemas de salud y a los pacientes en muchos pa\u00edses. Estamos tomando las medidas necesarias para optimizar el uso del medicamento mientras se normaliza la distribuci\u00f3n\u00bb, asegur\u00f3 el funcionario.<\/p>\n\n\n\n<p>Tratamientos alternativos y orientaci\u00f3n disponible<\/p>\n\n\n\n<p>El Departamento de Salud indic\u00f3 que existen tratamientos alternativos para la poblaci\u00f3n general diagnosticada con s\u00edfilis, los cuales se aplicar\u00e1n seg\u00fan las gu\u00edas cl\u00ednicas y la disponibilidad del medicamento. No obstante, Bicillin L-A seguir\u00e1 reservado para las embarazadas, al ser el \u00fanico tratamiento completamente seguro en esta poblaci\u00f3n.<\/p>\n\n\n\n<p>Las personas interesadas en realizarse pruebas de detecci\u00f3n de s\u00edfilis u otras enfermedades de transmisi\u00f3n sexual (ETS), recibir tratamiento o solicitar orientaci\u00f3n pueden comunicarse con la L\u00ednea de Informaci\u00f3n del Departamento de Salud al 787-765-1010.<\/p>\n\n\n\n<p><\/p>\n","protected":false},"excerpt":{"rendered":"<p>San Juan, Puerto Rico, Am\u00e9rica.- El secretario del Departamento de Salud (DS), Dr. V\u00edctor M&#8230;.<\/p>\n","protected":false},"author":1,"featured_media":374955,"comment_status":"open","ping_status":"open","sticky":false,"template":"","format":"standard","meta":{"footnotes":""},"categories":[139],"tags":[],"class_list":["post-374954","post","type-post","status-publish","format-standard","has-post-thumbnail","hentry","category-continental"],"gutentor_comment":0,"_links":{"self":[{"href":"https:\/\/www.elplaneta.mx\/index.php?rest_route=\/wp\/v2\/posts\/374954","targetHints":{"allow":["GET"]}}],"collection":[{"href":"https:\/\/www.elplaneta.mx\/index.php?rest_route=\/wp\/v2\/posts"}],"about":[{"href":"https:\/\/www.elplaneta.mx\/index.php?rest_route=\/wp\/v2\/types\/post"}],"author":[{"embeddable":true,"href":"https:\/\/www.elplaneta.mx\/index.php?rest_route=\/wp\/v2\/users\/1"}],"replies":[{"embeddable":true,"href":"https:\/\/www.elplaneta.mx\/index.php?rest_route=%2Fwp%2Fv2%2Fcomments&post=374954"}],"version-history":[{"count":1,"href":"https:\/\/www.elplaneta.mx\/index.php?rest_route=\/wp\/v2\/posts\/374954\/revisions"}],"predecessor-version":[{"id":374956,"href":"https:\/\/www.elplaneta.mx\/index.php?rest_route=\/wp\/v2\/posts\/374954\/revisions\/374956"}],"wp:featuredmedia":[{"embeddable":true,"href":"https:\/\/www.elplaneta.mx\/index.php?rest_route=\/wp\/v2\/media\/374955"}],"wp:attachment":[{"href":"https:\/\/www.elplaneta.mx\/index.php?rest_route=%2Fwp%2Fv2%2Fmedia&parent=374954"}],"wp:term":[{"taxonomy":"category","embeddable":true,"href":"https:\/\/www.elplaneta.mx\/index.php?rest_route=%2Fwp%2Fv2%2Fcategories&post=374954"},{"taxonomy":"post_tag","embeddable":true,"href":"https:\/\/www.elplaneta.mx\/index.php?rest_route=%2Fwp%2Fv2%2Ftags&post=374954"}],"curies":[{"name":"wp","href":"https:\/\/api.w.org\/{rel}","templated":true}]}}