{"id":374961,"date":"2025-10-23T01:18:00","date_gmt":"2025-10-23T07:18:00","guid":{"rendered":"https:\/\/www.elplaneta.mx\/?p=374961"},"modified":"2025-10-24T09:21:40","modified_gmt":"2025-10-24T15:21:40","slug":"hoteles-de-victoria-mantienen-baja-ocupacion-pese-a-la-feria","status":"publish","type":"post","link":"https:\/\/www.elplaneta.mx\/?p=374961","title":{"rendered":"Hoteles de Victoria mantienen baja ocupaci\u00f3n, pese a la feria"},"content":{"rendered":"<div class=\"wp-block-image\">\n<figure class=\"alignleft size-full is-resized\"><img loading=\"lazy\" decoding=\"async\" width=\"494\" height=\"438\" src=\"https:\/\/www.elplaneta.mx\/wp-content\/themes\/elplaneta\/FOTOS\/26V363468465.jpg\" alt=\"\" class=\"wp-image-370986\" style=\"width:375px;height:auto\" srcset=\"https:\/\/www.elplaneta.mx\/wp-content\/themes\/elplaneta\/FOTOS\/26V363468465.jpg 494w, https:\/\/www.elplaneta.mx\/wp-content\/themes\/elplaneta\/FOTOS\/26V363468465-300x266.jpg 300w\" sizes=\"auto, (max-width: 494px) 100vw, 494px\" \/><figcaption class=\"wp-element-caption\">Rub\u00e9n Garc\u00eda Carcur<\/figcaption><\/figure><\/div>\n\n\n<p>Ciudad Victoria, Tamaulipas, M\u00e9xico, Am\u00e9rica.- A casi una semana del inicio de la Feria Tamaulipas, los hoteles de la capital del estado mantienen una ocupaci\u00f3n baja, que oscila entre el 42 y el 50 por ciento, lo que contrasta con las expectativas de que la cartelera art\u00edstica atraer\u00eda visitantes de municipios cercanos.<\/p>\n\n\n\n<p>Rub\u00e9n Garc\u00eda Carcur, presidente de la Asociaci\u00f3n de Hoteles y Moteles de la capital, reconoci\u00f3 que las cifras son preocupantes, pues reflejan la dif\u00edcil situaci\u00f3n que ha enfrentado el sector en lo que va del 2025.<\/p>\n\n\n\n<p>Adem\u00e1s&nbsp; de que la feria no ha logrado incentivar la ocupaci\u00f3n, el dirigente se\u00f1alo que este a\u00f1o se ha observado una disminuci\u00f3n de eventos, principalmente deportivos, lo que ha limitado la posibilidad de una recuperaci\u00f3n.<\/p>\n\n\n\n<p>Ante este panorama, los empresarios hoteleros insisten en la necesidad de dise\u00f1ar una estrategia clara para atraer actividades que generen movimiento econ\u00f3mico y permitan mantener ocupaci\u00f3n constante a lo largo del a\u00f1o y no solo por temporadas.<\/p>\n","protected":false},"excerpt":{"rendered":"<p>Ciudad Victoria, Tamaulipas, M\u00e9xico, Am\u00e9rica.- A casi una semana del inicio de la Feria Tamaulipas,&#8230;<\/p>\n","protected":false},"author":1,"featured_media":370986,"comment_status":"open","ping_status":"open","sticky":false,"template":"","format":"standard","meta":{"footnotes":""},"categories":[20],"tags":[],"class_list":["post-374961","post","type-post","status-publish","format-standard","has-post-thumbnail","hentry","category-tamaulipas"],"gutentor_comment":0,"_links":{"self":[{"href":"https:\/\/www.elplaneta.mx\/index.php?rest_route=\/wp\/v2\/posts\/374961","targetHints":{"allow":["GET"]}}],"collection":[{"href":"https:\/\/www.elplaneta.mx\/index.php?rest_route=\/wp\/v2\/posts"}],"about":[{"href":"https:\/\/www.elplaneta.mx\/index.php?rest_route=\/wp\/v2\/types\/post"}],"author":[{"embeddable":true,"href":"https:\/\/www.elplaneta.mx\/index.php?rest_route=\/wp\/v2\/users\/1"}],"replies":[{"embeddable":true,"href":"https:\/\/www.elplaneta.mx\/index.php?rest_route=%2Fwp%2Fv2%2Fcomments&post=374961"}],"version-history":[{"count":1,"href":"https:\/\/www.elplaneta.mx\/index.php?rest_route=\/wp\/v2\/posts\/374961\/revisions"}],"predecessor-version":[{"id":374962,"href":"https:\/\/www.elplaneta.mx\/index.php?rest_route=\/wp\/v2\/posts\/374961\/revisions\/374962"}],"wp:featuredmedia":[{"embeddable":true,"href":"https:\/\/www.elplaneta.mx\/index.php?rest_route=\/wp\/v2\/media\/370986"}],"wp:attachment":[{"href":"https:\/\/www.elplaneta.mx\/index.php?rest_route=%2Fwp%2Fv2%2Fmedia&parent=374961"}],"wp:term":[{"taxonomy":"category","embeddable":true,"href":"https:\/\/www.elplaneta.mx\/index.php?rest_route=%2Fwp%2Fv2%2Fcategories&post=374961"},{"taxonomy":"post_tag","embeddable":true,"href":"https:\/\/www.elplaneta.mx\/index.php?rest_route=%2Fwp%2Fv2%2Ftags&post=374961"}],"curies":[{"name":"wp","href":"https:\/\/api.w.org\/{rel}","templated":true}]}}