{"id":374978,"date":"2025-10-25T11:28:15","date_gmt":"2025-10-25T17:28:15","guid":{"rendered":"https:\/\/www.elplaneta.mx\/?p=374978"},"modified":"2025-10-25T11:28:20","modified_gmt":"2025-10-25T17:28:20","slug":"el-macho-opresor","status":"publish","type":"post","link":"https:\/\/www.elplaneta.mx\/?p=374978","title":{"rendered":"El macho opresor\u2026"},"content":{"rendered":"\n<p>Por Marco Antonio V\u00e1zquez Villanueva<\/p>\n\n\n\n<p>Hace una semana le solt\u00e9 una pregunta a bocajarro, para no tener dudas de su sentir y con la intenci\u00f3n de ver m\u00e1s all\u00e1 de lo evidente, porque luego es dif\u00edcil observar cosas que las mujeres perciben equivocadas y a nosotros los del sexo masculino nos parecen, malamente (iba a escribir pendejamente, pero no me anime a tanto), normales. Ella, a la que le cuestione, tiene escasos 19 a\u00f1os y era otra de las cosas que buscaba, fuera considerada por m\u00ed, lo sabe con mucho cari\u00f1o, una ni\u00f1a.<\/p>\n\n\n\n<p>\u00bfTe ofender\u00eda que te dijera ni\u00f1a o en la calle alguien te diga ni\u00f1a?, \u201cYa se para d\u00f3nde vas\u201d, respondi\u00f3 intuitiva para rematar, \u201c\u00bfestuviste en la entrevista o viste el video?, porque sabes, creo que la est\u00e1 pendejeando, el hombre se debe saber perfectamente su nombre porque entend\u00ed que la diputada fue candidata por su partido, del que es presidente, veo que la quiere hacer pasar como ignorante, le dice ni\u00f1a no con cari\u00f1o o respeto al no saberse su nombre, lo hace para minimizarla, exhibirla como ignorante de la pol\u00edtica o para pendejearla de cierta manera\u201d.<\/p>\n\n\n\n<p>El tema, efectivamente, era en referencia a la denuncia por violencia pol\u00edtica en raz\u00f3n de g\u00e9nero que hizo la diputada Judith Katalyna M\u00e9ndez Cepeda contra Manuel Mu\u00f1oz Cano, presidente del Partido Verde Ecologista de M\u00e9xico quien la llam\u00f3, \u201cla ni\u00f1a esta\u201d y que ayer resolvieron los Consejeros Electorales del IETAM d\u00e1ndole la raz\u00f3n a la legisladora e imponiendo una sanci\u00f3n de m\u00e1s o menos cinco mil pesos y el ser registrarlo en un padr\u00f3n como pol\u00edtico violentador por un periodo de 8 meses al dirigente Verde, que no es otra cosa que impedirle ser candidato durante ese periodo.<\/p>\n\n\n\n<p>De lo legal falta mucho para verlo concluir, vendr\u00e1 la posibilidad de que el acusado se defienda en los Tribunales y pueda revocar la resoluci\u00f3n o que se la confirmen las instancias locales y las federales, que es donde seguramente va a terminar, as\u00ed que ya no nos metemos m\u00e1s en ello.<\/p>\n\n\n\n<p>De la conversaci\u00f3n primera, vale la pena mencionar que siguieron otras cosas, en una parte la entrevistada menciona, por ejemplo, \u201ctampoco podemos ser inocentes y no entender que la diputada busca hacerse notar, a lo mejor quiere ser presidenta municipal y quiere as\u00ed llamar la atenci\u00f3n y a m\u00ed, como mujer, me dar\u00eda mucha verg\u00fcenza que lo lograra nom\u00e1s con esas acciones, porque no la recuerdo en otra cosa, veo noticias y las poquitas donde participa me da la impresi\u00f3n de que le falta mucho, hasta habla con un tonito que no le ayuda si quiere pasar como gente responsable, de Morena, del pueblo, pero es mi percepci\u00f3n y no pongas mi nombre, capaz que tambi\u00e9n me denuncia\u201d.<\/p>\n\n\n\n<p>Adem\u00e1s, a la joven que le pregunte, le pareci\u00f3 una exageraci\u00f3n y hasta un despilfarro ocupar instituciones y funcionarios en una controversia de esa \u00edndole, para su gusto, con disculpas p\u00fablicas y un acuerdo entre personas que se dicen pol\u00edticos deber\u00eda ser una sanci\u00f3n m\u00e1s que fuerte, \u201cporque ser\u00eda exhibir a una persona, a un pol\u00edtico, con ideas arcaicas e incluso como macho, como presunto abusador\u201d.<\/p>\n\n\n\n<p>Ahora, en lo que no hubo ninguna duda es en sentenciar que Manuel Mu\u00f1oz Cano fue grosero, machista, no micromachista como lo quieren bautizar, sino de los grandes y hasta lo puso en los que a\u00f1o con a\u00f1o son mencionados en las marchas, lo justific\u00f3, \u201cporque es de esos hombres que se denuncian cada 8 de marzo, nadie puede negar que s\u00ed se porta, o eso nos hace creer con su forma de decir las cosas, como un macho opresor\u201d.<\/p>\n\n\n\n<p>En lo personal, igual tengo que decirlo, nunca habr\u00eda llegado a esa conclusi\u00f3n, en mis tiempos decirle ni\u00f1a a una mujer joven era de lo m\u00e1s normal, no solo eso, hasta se hac\u00eda como un piropo elegante, incluso plasmado en muchas canciones, pero son otros tiempos, tiempos en los que una ni\u00f1a, a la que queremos mucho, tuvo que decirnos que hoy, en la vida p\u00fablica, las formas cuentan, que en la pol\u00edtica moderna no deben permitirse esos excesos, que un hombre experimentado como Manuel Mu\u00f1oz Cano, efectivamente, deb\u00eda conocer a su candidata por lo que no puede alegar inocencia, vaya pues, que su expresi\u00f3n si es de un macho opresor, tanto, que hasta una frase bonita pudo utilizar en forma perversa o, por lo menos, de mala fe y eso, nom\u00e1s para que quede de ejemplo, para que no vuelva a repetirse, efectivamente s\u00ed debe ser sancionado\u2026<\/p>\n\n\n\n<p>UAT DISE\u00d1A NUEVAS FORMAS DE FORTACERSE ACAD\u00c9MICA Y ADMINISTRATIVAMENTE\u2026 El rector de la Universidad Aut\u00f3noma de Tamaulipas (UAT), D\u00e1maso Anaya Alvarado, encabez\u00f3 la 14.\u00aa Reuni\u00f3n del Colegio de Directores, llevada a cabo en el Centro Universitario Sur (CUS), donde se reuni\u00f3 con titulares de las 27 dependencias acad\u00e9micas y funcionarios del gabinete de la Rector\u00eda para revisar los avances institucionales y definir nuevas estrategias orientadas al fortalecimiento acad\u00e9mico y administrativo de la casa de estudios.<\/p>\n\n\n\n<p>Durante el encuentro, el rector destac\u00f3 los avances y logros de la UAT, subrayando la mejora acad\u00e9mica en la posici\u00f3n nacional, as\u00ed como el manejo transparente y responsable de los recursos.<\/p>\n\n\n\n<p>Refrend\u00f3 el compromiso de la UAT de brindar mayores oportunidades educativas, promoviendo la inclusi\u00f3n y el acceso a m\u00e1s j\u00f3venes, as\u00ed como la planeaci\u00f3n estrat\u00e9gica para el crecimiento y la atenci\u00f3n a la educaci\u00f3n media superior.<\/p>\n\n\n\n<p>Asimismo, se\u00f1al\u00f3 el incremento sostenido de la matr\u00edcula y la expansi\u00f3n de la infraestructura universitaria, reflejo del fortalecimiento institucional y del papel de la UAT como aliado en el desarrollo de Tamaulipas.<\/p>\n\n\n\n<p>Se destac\u00f3 tambi\u00e9n la importancia del trabajo colaborativo, la planeaci\u00f3n institucional y la consolidaci\u00f3n de programas acad\u00e9micos que refuerzan el liderazgo educativo de la Universidad en todo el estado.<\/p>\n\n\n\n<p>Durante la reuni\u00f3n, se presentaron los informes sobre el sistema de gesti\u00f3n de la calidad bajo la Norma ISO 9000, destacando la relevancia de mantener una cultura de mejora continua, transparencia y eficiencia institucional en todos los procesos universitarios.<\/p>\n\n\n\n<p>Se record\u00f3 que la UAT cumple 20 a\u00f1os de contar con dicha certificaci\u00f3n, cuyo reconocimiento nacional e internacional avala la calidad de sus procesos acad\u00e9micos y administrativos, integrando, en esta labor, a dependencias acad\u00e9micas y oficinas de la administraci\u00f3n central, con m\u00e1s de 760 procedimientos y la participaci\u00f3n activa de cerca de 2 500 usuarios entre personal docente, administrativo y sindicalizado.<\/p>\n\n\n\n<p>En el mismo marco, la Defensor\u00eda de los Derechos Universitarios present\u00f3 el tema \u201cPaz y Derechos en y desde la Universidad\u201d, reafirmando el compromiso de la UAT con la promoci\u00f3n de una cultura de respeto, equidad y justicia restaurativa.<\/p>\n\n\n\n<p>De igual forma, se presentaron los avances de la estrategia Correcaminos para la Paz, cuyo prop\u00f3sito es contribuir en la generaci\u00f3n y consolidaci\u00f3n de espacios libres de violencia, en congruencia con el Plan de Desarrollo Institucional y el Plan Integral de Cultura de Paz de la UAT.<\/p>\n\n\n\n<p>Como parte del orden del d\u00eda, se present\u00f3 un informe general de las actividades m\u00e1s recientes de los \u00faltimos tres meses, en el que se destacan acciones como la obtenci\u00f3n de certificaciones externas a programas acad\u00e9micos, proyectos de infraestructura y colaboraciones con el gobierno estatal.<\/p>\n\n\n\n<p>Finalmente, se abordaron temas de la Secretar\u00eda de Administraci\u00f3n, la Secretar\u00eda de Finanzas y la Secretar\u00eda General, entre ellos la nueva estructura org\u00e1nica de la Universidad, dise\u00f1ada para optimizar la gesti\u00f3n acad\u00e9mica y administrativa, fortalecer la planeaci\u00f3n estrat\u00e9gica y consolidar los procesos de gobernanza universitaria<\/p>\n\n\n\n<p>MUNICIPIO DE VICTORIA REFUERZA BACHEO EN RUTAS DE TRANSPORTE Y HOSPITALES\u2026 El gobierno de Victoria incorpor\u00f3 tres empresas externas al Plan Emergente de Bacheo, para devolver la movilidad en calles con trayecto a rutas hospitalarias y transporte p\u00fablico afectadas por las intensas lluvias.<\/p>\n\n\n\n<p>El alcalde de Victoria, Eduardo Gatt\u00e1s B\u00e1ez, reconoci\u00f3 que cada minuto significa trabajo, atenci\u00f3n y vida en el servicio que a diario prestan a la ciudadan\u00eda operadores del transporte colectivo, aplicaci\u00f3n m\u00f3vil y unidades del sector salud.<\/p>\n\n\n\n<p>\u201cMover a la gente tambi\u00e9n es cuidarla; por ello, estamos tomando acciones concretas para devolver la movilidad y seguridad en las rutas viales de salud y transporte\u201d, asegur\u00f3 al dar el banderazo de bacheo en la calle Michoac\u00e1n, de Av. L\u00e1zaro C\u00e1rdenas a calle 16 Norberto Trevi\u00f1o Zapata.<\/p>\n\n\n\n<p>En el acto protocolario, estuvieron presentes el Dr. Alejandro V\u00e1zquez Montelongo Director de la UMF 67 del IMSS; C\u00e9sar Luna Mares secretario general del STOCCA y C\u00e9sar Padr\u00f3n Villanueva dirigente de la plataforma de transporte digital UNTA.<\/p>\n\n\n\n<p>LEVANTAN ALERTA POR CRECIDA DEL P\u00c1NUCO\u2026 Tampico, Tamaulipas. &#8211; Durante la cuarta sesi\u00f3n del Consejo de Protecci\u00f3n Civil, se determin\u00f3 levantar el estatus de alerta m\u00e1xima en la zona sur del estado, luego de confirmar que la avenida del r\u00edo P\u00e1nuco en tr\u00e1nsito hacia la zona conurbada ya desemboc\u00f3 en el mar, de acuerdo con los \u00faltimos reportes de las estaciones hidrom\u00e9tricas de la Secretar\u00eda de Recursos Hidr\u00e1ulicos para el Desarrollo Social y la Comisi\u00f3n Nacional del Agua.<\/p>\n\n\n\n<p>El secretario de Recursos Hidr\u00e1ulicos, Ra\u00fal Quiroga \u00c1lvarez, inform\u00f3 que tras semanas de monitoreo permanente y sobrevuelos de supervisi\u00f3n sobre el r\u00edo, se logr\u00f3 identificar llanuras de inundaci\u00f3n que ayudaron a disminuir la carga hidr\u00e1ulica que lleg\u00f3 a la zona conurbada de Tampico, Ciudad Madero y Altamira.<\/p>\n\n\n\n<p>\u201cDe acuerdo con las lecturas registradas en las \u00faltimas veinte horas en las escalas hidrom\u00e9tricas, observamos una tendencia irreversible a la baja. No se presentan lluvias aguas arriba y el cauce del r\u00edo P\u00e1nuco ha disminuido, por lo que, por instrucci\u00f3n del gobernador Am\u00e9rico Villarreal Anaya, se levant\u00f3 la bandera blanca\u201d, se\u00f1al\u00f3 Quiroga \u00c1lvarez.<\/p>\n\n\n\n<p>El titular de la SRHDS destac\u00f3 que esta avenida, la tercera m\u00e1s importante en la historia del r\u00edo P\u00e1nuco, evidenci\u00f3 una efectiva coordinaci\u00f3n entre los tres niveles de gobierno y el compromiso conjunto con la poblaci\u00f3n para mantenerla informada y segura.<\/p>\n\n\n\n<p>Asimismo, subray\u00f3 que no se registraron da\u00f1os a la poblaci\u00f3n ni desbordamientos significativos, gracias a las acciones preventivas implementadas por el Consejo de Protecci\u00f3n Civil y encabezadas por el gobernador de Tamaulipas, Am\u00e9rico Villarreal.<\/p>\n\n\n\n<p>Finalmente, Ra\u00fal Quiroga \u00c1lvarez reiter\u00f3 que, aunque concluyen los trabajos del Consejo enfocados en esta contingencia, el monitoreo del comportamiento del r\u00edo continuar\u00e1 de manera permanente, as\u00ed como el seguimiento a los reportes de los niveles de las diferentes estaciones hidrom\u00e9tricas instaladas a lo largo del cauce.<\/p>\n\n\n\n<p>Coloque en el buscador de facebok @CENADeNegros1 y le agradecer\u00e9 que me regale un Me Gusta, adem\u00e1s nos puede seguir en la cuenta de X @gatovaliente y, como siempre, le dejo el correo electr\u00f3nico a sus \u00f3rdenes para lo que guste y mande\u2026 marcovazquez20001@hotmail.com<\/p>\n","protected":false},"excerpt":{"rendered":"<p>Por Marco Antonio V\u00e1zquez Villanueva Hace una semana le solt\u00e9 una pregunta a bocajarro, para&#8230;<\/p>\n","protected":false},"author":1,"featured_media":0,"comment_status":"open","ping_status":"open","sticky":false,"template":"","format":"standard","meta":{"footnotes":""},"categories":[5],"tags":[],"class_list":["post-374978","post","type-post","status-publish","format-standard","hentry","category-opinion"],"gutentor_comment":0,"_links":{"self":[{"href":"https:\/\/www.elplaneta.mx\/index.php?rest_route=\/wp\/v2\/posts\/374978","targetHints":{"allow":["GET"]}}],"collection":[{"href":"https:\/\/www.elplaneta.mx\/index.php?rest_route=\/wp\/v2\/posts"}],"about":[{"href":"https:\/\/www.elplaneta.mx\/index.php?rest_route=\/wp\/v2\/types\/post"}],"author":[{"embeddable":true,"href":"https:\/\/www.elplaneta.mx\/index.php?rest_route=\/wp\/v2\/users\/1"}],"replies":[{"embeddable":true,"href":"https:\/\/www.elplaneta.mx\/index.php?rest_route=%2Fwp%2Fv2%2Fcomments&post=374978"}],"version-history":[{"count":1,"href":"https:\/\/www.elplaneta.mx\/index.php?rest_route=\/wp\/v2\/posts\/374978\/revisions"}],"predecessor-version":[{"id":374979,"href":"https:\/\/www.elplaneta.mx\/index.php?rest_route=\/wp\/v2\/posts\/374978\/revisions\/374979"}],"wp:attachment":[{"href":"https:\/\/www.elplaneta.mx\/index.php?rest_route=%2Fwp%2Fv2%2Fmedia&parent=374978"}],"wp:term":[{"taxonomy":"category","embeddable":true,"href":"https:\/\/www.elplaneta.mx\/index.php?rest_route=%2Fwp%2Fv2%2Fcategories&post=374978"},{"taxonomy":"post_tag","embeddable":true,"href":"https:\/\/www.elplaneta.mx\/index.php?rest_route=%2Fwp%2Fv2%2Ftags&post=374978"}],"curies":[{"name":"wp","href":"https:\/\/api.w.org\/{rel}","templated":true}]}}