{"id":374997,"date":"2025-10-25T13:14:07","date_gmt":"2025-10-25T19:14:07","guid":{"rendered":"https:\/\/www.elplaneta.mx\/?p=374997"},"modified":"2025-10-25T13:14:39","modified_gmt":"2025-10-25T19:14:39","slug":"coaliciones-que-matan","status":"publish","type":"post","link":"https:\/\/www.elplaneta.mx\/?p=374997","title":{"rendered":"Coaliciones que matan\u2026"},"content":{"rendered":"\n<p>Por Marco Antonio V\u00e1zquez Villanueva<\/p>\n\n\n\n<p>En la pasada elecci\u00f3n federal el Partido Acci\u00f3n Nacional estir\u00f3 demasiado la cuerda de las negociaciones y la revent\u00f3, el resultado fue que a\u00fan con la firma de una coalici\u00f3n entre el PRI-PAN los municipios que ganaron no representan mucho electoralmente hablando y menos en los presupuestos, ni qu\u00e9 decir de la disminuci\u00f3n de las bancadas de ambos partidos en el Congreso.<\/p>\n\n\n\n<p>Desde luego, los resultados dejaron claro que el hacer tangible al ente llamado PRIAN era un error, por ello ambos partidos se encuentran al borde de la desaparici\u00f3n en este momento, con futuros poco halag\u00fce\u00f1os.<\/p>\n\n\n\n<p>Ahora, a fuerza de ser sinceros la otra coalici\u00f3n tampoco fue exitosa a\u00fan ganando casi todo, porque el tiempo ha demostrado que PT y Verde se vendieron, entregaron todo el poder pol\u00edtico a Morena y solo se quedaron con dinero que a estas alturas no vale nada, o casi nada ya que, de irse solos en la siguiente elecci\u00f3n pueden igual perder su registro, no se volvieron atractivos para el electorado, a nadie convencieron que realmente eran la Cuatro T.<\/p>\n\n\n\n<p>Conclusi\u00f3n, los partidos saben de su importancia para perseguir el poder y por ello se llegan a vender demasiado caro en dinero, pero todo lo sabemos, en la pol\u00edtica lo que se puede comprar es barato y la prueba es que Morena ya no necesita a nada ni a nadie para ganar casi todo, mientras todos los dem\u00e1s, los que fueron con ellos y en contra, hasta corren el riesgo de desaparecer.<\/p>\n\n\n\n<p>Esa es la misma raz\u00f3n por la que el PAN ahora, con su \u201crelanzamiento\u201d, ya anunci\u00f3 que no invitar\u00e1 al PRI, ya no les sirven de mucho y adem\u00e1s buscan no hacerse m\u00e1s da\u00f1o, pero tambi\u00e9n ese es el origen de los conflictos entre los otros partidos, en realidad parecen actos de supervivencia m\u00e1s que de afinidades de proyectos, porque tambi\u00e9n es imposible hablar de afinidades en ideolog\u00edas.<\/p>\n\n\n\n<p>Sin embargo la necesidad de una coalici\u00f3n, o de varias, todav\u00eda no se conoce para el 2027 ni para el 2028, hoy se puede decir que los partidos con menos seguidores pretenden mucho, que cuestan caro porque arrastran una mala imagen y por tanto caer en la tentaci\u00f3n de mandarlos a que se rasquen con sus propias u\u00f1as, pero en los an\u00e1lisis de los votos queda claro que en municipios o distritos que se emparejan mucho entre las dos principales fuerzas hasta los votos del PRI, del Verde o del PT pueden ser suficientes para inclinar una balanza a favor, para obtener la victoria.<\/p>\n\n\n\n<p>Todo eso viene a colaci\u00f3n por los desencuentros que se viven entre los partidos pol\u00edticos, por las guerras intestinales de las coaliciones del pasado y porque pareciera que los pol\u00edticos a\u00f1oran volver a juntarse.<\/p>\n\n\n\n<p>Lo malo es que ya todo es a cambio de los puestos de elecci\u00f3n popular y PRI del un lado, PT y Verde del otro, ofrecen muy poco a sus presuntos aliados, ni siquiera tienen en este momento el control de la totalidad de sus propios militantes y, peor el caso, tambi\u00e9n sus dirigentes se mueven en el lodo por tantas mentiras, tantos errores y tanto saqueo o tantas promesas incumplidas que han hecho.<\/p>\n\n\n\n<p>Me explico, si de algo tiene plena conciencia la poblaci\u00f3n es de la mediocridad en la que andan partidos distintos a Morena, porque ni el PAN, aunque presuma arraigo, se salva y no lo har\u00e1 hasta que no pinten su raya al cabecismo ya que conserv\u00e1ndose ah\u00ed lo m\u00e1s seguro es que van a espantar a los electores.<\/p>\n\n\n\n<p>Cierto, cierto, es verdad que el PRI tiene m\u00e1s militancia que el PAN, pero m\u00e1s verdad es que muchos est\u00e1n sin saberlo e incluso por mera a\u00f1oranza, tan es as\u00ed que en las coaliciones, como lo ser\u00eda el Verde y PT a Morena, no representar\u00e1n un beneficio para quienes las encabezan, m\u00e1s bien ser\u00edan un estorbo.<\/p>\n\n\n\n<p>A favor del PRI, o del PT y el Verde por el otro lado, hay que decir que son chambeadores, que salen a la calle a pedir el voto, que intentan convencer, cosa a la que parecen negados los que se llevan la mayor tajada de los cargos y presupuestos.<\/p>\n\n\n\n<p>Exacto, ser\u00e1 mucho el beneficio para el PRI el PT o el Verde lograr que se vuelvan a firmar las coaliciones tan ventajosas para ellos ya que de otra manera no lograran nada, pero ser\u00eda mejor una eventualidad de ese tipo para los partidos que encabezar\u00edan las mismas, l\u00e9ase para Morena o el PAN, ya que los pr\u00f3ximos diputados y alcaldes podr\u00e1n ser leales al sistema, \u00e1ndele, como los de ahora.<\/p>\n\n\n\n<p>Pero, porque sigue existiendo un pero, los partidos de mayor atractivo para el electorado no ayudan mucho y a sus antiguos aliados no les ayudan a conservar limpios su imagen, es m\u00e1s, ellos los siguen manchando con denuncias hasta de machistas, es decir, los partidos mayoritarios parecen estar tragando veneno al no darse cuenta que se pueden ver obligados a ir otra vez juntos con los que ahora atacan y, en el futuro, esas si pueden ser coaliciones que matan\u2026<\/p>\n\n\n\n<p>GOBIERNO DE TAMAULIPAS INICIA COMBATE A LA POBREZA DESDE LA CAPACITACI\u00d3N\u2026 El Gobierno del Estado a trav\u00e9s de la Secretar\u00eda de Bienestar Social y el Colegio de Tamaulipas, organizan el ciclo de conferencias \u201cCombatir la Pobreza, Lograr Bienestar\u201d, que se desarrollar\u00e1 el 31 de octubre en el Teatro Amalia G. de Castillo Led\u00f3n, a partir de las 9:00 horas.<\/p>\n\n\n\n<p>Silvia Casas Gonz\u00e1lez, secretaria de Bienestar Social, inform\u00f3 que este ciclo de conferencias est\u00e1 dirigido a acad\u00e9micos e investigadores y p\u00fablico en general, en el tema de pol\u00edticas p\u00fablicas para el combate a la pobreza y la generaci\u00f3n de bienestar entre la poblaci\u00f3n, y se enmarca en la pol\u00edtica social con visi\u00f3n transformadora del gobernador Doctor Am\u00e9rico Villarreal Anaya.<\/p>\n\n\n\n<p>Indic\u00f3 que estos temas se encuentran bajo permanente an\u00e1lisis con el inter\u00e9s de generar una mejor calidad de vida para la poblaci\u00f3n, por lo que es importante establecer sinergias con la comunidad de investigadores para el aporte de toda su experiencia.<\/p>\n\n\n\n<p>Este ciclo estar\u00e1 integrado por cuatro conferencias y la presentaci\u00f3n del libro IDE (\u00cdndice de Desarrollo Econ\u00f3mico) Propuesta de Constructo, del Dr. H\u00e9ctor Toledo Rosillo, quien es Ingeniero Agr\u00f3nomo por la Universidad Aut\u00f3noma de Tamaulipas y Doctor en Econom\u00eda por el Instituto de Econom\u00eda de la Academia de Ciencias de Sof\u00eda, Bulgaria.<\/p>\n\n\n\n<p>La primera conferencia ser\u00e1 dictada por el Mtro Jos\u00e9 Manuel del Muro Guerrero, director general de An\u00e1lisis Econ\u00f3micos de la CONSAR, y versar\u00e1 sobre \u201cAhorro para el retiro y pobreza: An\u00e1lisis de Cifras Recientes.<\/p>\n\n\n\n<p>La Dra. Viridiana R\u00edos Contreras, quien es una destacada polit\u00f3loga y analista mexicana, conocida por su trabajo en temas de desigualdad, pol\u00edticas p\u00fablicas y an\u00e1lisis pol\u00edtico en M\u00e9xico, tendr\u00e1 a su cargo la conferencia magistral \u201cImpacto de los programas sociales en el bienestar de las familias: \u00bfdespu\u00e9s de los apoyos sociales que sigue?. R\u00edos Contreras participa activamente en medios de comunicaci\u00f3n y espacios de debate p\u00fablico, y recientemente recibi\u00f3 el reconocimiento como Joven L\u00edder Global por el Foro Econ\u00f3mico Mundial.<\/p>\n\n\n\n<p>Enseguida est\u00e1 programada la conferencia \u201c\u00bfQu\u00e9 es el bienestar social?\u201d En un gobierno transformador, y estar\u00e1 a cargo del Dr. Mart\u00edn Castro Guzm\u00e1n, quien es Doctor en Ciencias Pol\u00edticas y Sociales con orientaci\u00f3n en Sociolog\u00eda por la UNAM; es autor de obras como Pol\u00edtica Social y Desarrollo Humano (2018), Participaci\u00f3n y Calidad de Vida (2020) y Comunidades Multiculturales de M\u00e9xico (2020).<\/p>\n\n\n\n<p>Para el cierre de este ciclo, asistir\u00e1 el Mtro. Marco Moreno Castellanos, rector del Colegio de Tamaulipas (COLTAM), quien dictar\u00e1 la conferencia \u201cDesigualdades: las brechas que generan la pobreza\u201d. El Mtro. Moreno Castellanos es egresado del Tecnol\u00f3gico de Monterrey con la licenciatura en Mercadotecnia y se ha especializado en prospectiva estrat\u00e9gica y gesti\u00f3n p\u00fablica.<\/p>\n\n\n\n<p>ORGANIZAN EN LA UAT CONGRESO INTERNACIONAL DE ENFERMER\u00cdA\u2026 El rector de la Universidad Aut\u00f3noma de Tamaulipas (UAT), D\u00e1maso Anaya Alvarado, inaugur\u00f3 el Vig\u00e9simo Sexto Congreso Internacional de Enfermer\u00eda, que tuvo como marco la celebraci\u00f3n del 69 aniversario de la Fundaci\u00f3n de la Facultad de Enfermer\u00eda Victoria (FEV).<\/p>\n\n\n\n<p>Acompa\u00f1ado por el secretario de Salud, Vicente Joel Hern\u00e1ndez Navarro, en representaci\u00f3n del gobernador Am\u00e9rico Villarreal Anaya, y la directora de la FEV, Laura Roxana de los Reyes Nieto, el rector puso en marcha las actividades, adem\u00e1s de hacer entrega de nuevas \u00e1reas que fortalecen la formaci\u00f3n integral del estudiantado.<\/p>\n\n\n\n<p>En la ceremonia, dio la bienvenida al Dr. Alberto Rhi Sausi Galindo, hijo del director fundador de la antes Escuela de Enfermer\u00eda y Obstetricia de Ciudad Victoria, Dr. Alberto Rhi Sausi, destacando la importancia de recordar, en este acto, la historia y trayectoria de esta instituci\u00f3n que naci\u00f3 ante la necesidad de formar especialistas comprometidos con el cuidado de la vida y la salud.<\/p>\n\n\n\n<p>En su mensaje, D\u00e1maso Anaya felicit\u00f3 a docentes, estudiantes y personal administrativo por celebrar este acontecimiento con grandes avances acad\u00e9micos, como este congreso internacional, resultado del esfuerzo, la pasi\u00f3n y el amor de generaciones que han hecho de la Facultad de Enfermer\u00eda Victoria un referente acad\u00e9mico, humano y social.<\/p>\n\n\n\n<p>Por su parte, la directora de la FEV, Laura Roxana de los Reyes Nieto, hizo un recuento de las actividades c\u00edvicas, acad\u00e9micas, culturales y deportivas organizadas como parte de los festejos de aniversario, entre los cuales se destaca la presente edici\u00f3n del Congreso Internacional de Enfermer\u00eda, teniendo como tema: \u201cEl cuidado de la enfermer\u00eda integral y humana frente a la innovaci\u00f3n tecnol\u00f3gica\u201d, en donde participan ponentes de Colombia, Espa\u00f1a, Estados Unidos y M\u00e9xico.<\/p>\n\n\n\n<p>As\u00ed mismo, agradeci\u00f3 el apoyo del rector D\u00e1maso Anaya para que la FEV siga mejorando la calidad de la educaci\u00f3n, as\u00ed como su infraestructura y equipamiento tecnol\u00f3gico, lo que permite fortalecer la formaci\u00f3n de las y los futuros profesionales de la enfermer\u00eda.<\/p>\n\n\n\n<p>Durante su visita a la Facultad de Enfermer\u00eda Victoria, el rector inaugur\u00f3 la techumbre monumental y la nueva cancha techada cuyos espacios ser\u00e1n de gran utilidad para las actividades c\u00edvicas, culturales y deportivas, as\u00ed como tambi\u00e9n entreg\u00f3 una unidad de transporte para la comunidad estudiantil.<\/p>\n\n\n\n<p>Al evento asisti\u00f3 la subsecretaria de Enfermer\u00eda y directora general adjunta de la Secretar\u00eda de Salud y Servicios de Salud de Tamaulipas, Irma Barrag\u00e1n Alvarado; funcionarios de la rector\u00eda, autoridades y directoras de las facultades de Enfermer\u00eda de la UAT; as\u00ed como directivos y jefas de enfermer\u00eda de hospitales; entre otros invitados.<\/p>\n\n\n\n<p>Coloque en el buscador de facebok @CENADeNegros1 y le agradecer\u00e9 que me regale un Me Gusta, adem\u00e1s nos puede seguir en la cuenta de X @gatovaliente y, como siempre, le dejo el correo electr\u00f3nico a sus \u00f3rdenes para lo que guste y mande\u2026 marcovazquez20001@hotmail.com<\/p>\n","protected":false},"excerpt":{"rendered":"<p>Por Marco Antonio V\u00e1zquez Villanueva En la pasada elecci\u00f3n federal el Partido Acci\u00f3n Nacional estir\u00f3&#8230;<\/p>\n","protected":false},"author":1,"featured_media":0,"comment_status":"closed","ping_status":"closed","sticky":false,"template":"","format":"standard","meta":{"footnotes":""},"categories":[5],"tags":[],"class_list":["post-374997","post","type-post","status-publish","format-standard","hentry","category-opinion"],"gutentor_comment":0,"_links":{"self":[{"href":"https:\/\/www.elplaneta.mx\/index.php?rest_route=\/wp\/v2\/posts\/374997","targetHints":{"allow":["GET"]}}],"collection":[{"href":"https:\/\/www.elplaneta.mx\/index.php?rest_route=\/wp\/v2\/posts"}],"about":[{"href":"https:\/\/www.elplaneta.mx\/index.php?rest_route=\/wp\/v2\/types\/post"}],"author":[{"embeddable":true,"href":"https:\/\/www.elplaneta.mx\/index.php?rest_route=\/wp\/v2\/users\/1"}],"replies":[{"embeddable":true,"href":"https:\/\/www.elplaneta.mx\/index.php?rest_route=%2Fwp%2Fv2%2Fcomments&post=374997"}],"version-history":[{"count":2,"href":"https:\/\/www.elplaneta.mx\/index.php?rest_route=\/wp\/v2\/posts\/374997\/revisions"}],"predecessor-version":[{"id":374999,"href":"https:\/\/www.elplaneta.mx\/index.php?rest_route=\/wp\/v2\/posts\/374997\/revisions\/374999"}],"wp:attachment":[{"href":"https:\/\/www.elplaneta.mx\/index.php?rest_route=%2Fwp%2Fv2%2Fmedia&parent=374997"}],"wp:term":[{"taxonomy":"category","embeddable":true,"href":"https:\/\/www.elplaneta.mx\/index.php?rest_route=%2Fwp%2Fv2%2Fcategories&post=374997"},{"taxonomy":"post_tag","embeddable":true,"href":"https:\/\/www.elplaneta.mx\/index.php?rest_route=%2Fwp%2Fv2%2Ftags&post=374997"}],"curies":[{"name":"wp","href":"https:\/\/api.w.org\/{rel}","templated":true}]}}