{"id":375088,"date":"2025-10-28T08:40:08","date_gmt":"2025-10-28T14:40:08","guid":{"rendered":"https:\/\/www.elplaneta.mx\/?p=375088"},"modified":"2025-10-28T08:40:41","modified_gmt":"2025-10-28T14:40:41","slug":"el-monte-de-las-furias-obtiene-el-premio-de-literatura-sor-juana-ines-de-la-cruz-2025","status":"publish","type":"post","link":"https:\/\/www.elplaneta.mx\/?p=375088","title":{"rendered":"El monte de las furias, obtiene el Premio de Literatura Sor Juana In\u00e9s de la Cruz 2025"},"content":{"rendered":"<div class=\"wp-block-image\">\n<figure class=\"alignleft size-full\"><img loading=\"lazy\" decoding=\"async\" width=\"510\" height=\"414\" src=\"https:\/\/www.elplaneta.mx\/wp-content\/themes\/elplaneta\/FOTOS\/28J437948655868.jpg\" alt=\"\" class=\"wp-image-375089\" srcset=\"https:\/\/www.elplaneta.mx\/wp-content\/themes\/elplaneta\/FOTOS\/28J437948655868.jpg 510w, https:\/\/www.elplaneta.mx\/wp-content\/themes\/elplaneta\/FOTOS\/28J437948655868-300x244.jpg 300w\" sizes=\"auto, (max-width: 510px) 100vw, 510px\" \/><\/figure><\/div>\n\n\n<p>Guadalajara, Jalisco, M\u00e9xico, Am\u00e9rica.- Por ser \u201cuna novela que se enra\u00edza en la tradici\u00f3n narrativa latinoamericana, reconfigur\u00e1ndola mediante un excepcional punto de vista femenino lleno de hallazgos y matices\u201d, un jurado integrado por Giselle Etcheverry Walker, Patricia C\u00f3rdova Abundis y Juli\u00e1n Herbert, tras haber examinado y discutido cuidadosamente las postulaciones, decidi\u00f3 por unanimidad conceder el Premio de Literatura Sor Juana In\u00e9s de la Cruz 2025 a la escritora uruguaya Fernanda Tr\u00edas, por su novela El monte de las furias. La ceremonia de entrega se realizar\u00e1 el mi\u00e9rcoles 3 de diciembre, durante la celebraci\u00f3n de la edici\u00f3n 39 de la Feria Internacional del Libro de Guadalajara.<\/p>\n\n\n\n<p>Adem\u00e1s de se\u00f1alar a sus exc\u00e9ntricos personajes, que resultan v\u00edvidos y entra\u00f1ables, el comit\u00e9 de especialistas destac\u00f3 el ritmo del lenguaje po\u00e9tico y al mismo tiempo precis\u00f3, que genera atm\u00f3sferas y escenas memorables en la obra. \u201cLa vida eremita de una mujer, su descarnada visi\u00f3n del erotismo y la irrupci\u00f3n en su escenario de una siniestra violencia humana sirven de marco a un relato que concilia las genealog\u00edas femeninas con la invisibilizaci\u00f3n del trabajo, la ruina de lo urbano con la a\u00f1oranza del mundo rural, el gozo de la soledad con la pulsi\u00f3n del deseo\u201d, asegur\u00f3 el Jurado calificador en su acta resolutiva.<\/p>\n\n\n\n<p>Fernanda Tr\u00edas naci\u00f3 en Uruguay en 1976 y es narradora, traductora y docente. Public\u00f3 Cuaderno para un solo ojo, La azotea, La ciudad invencible, No so\u00f1ar\u00e1s flores y Mugre rosa. Por Mugre rosa recibi\u00f3 el apoyo de la residencia E\u00f1e\/Casa de Vel\u00e1zquez (Espa\u00f1a, 2018), el Premio Nacional de Literatura (Uruguay, 2020), el Premio Bartolom\u00e9 Hidalgo de la cr\u00edtica (Uruguay, 2021) y, por primera vez, el Sor Juana In\u00e9s de la Cruz de la FIL Guadalajara en 2021, y fue finalista en los National Book Awards. Tanto La azotea como Mugre rosa obtuvieron el British PEN Translates Award (2020 y 2022). Sus novelas se han traducido a m\u00e1s de quince lenguas.<\/p>\n\n\n\n<p>Asimismo, el Jurado determin\u00f3 otorgar una menci\u00f3n honor\u00edfica a la escritora argentina Adriana Riva por su novela Ruth, ya que esta obra \u00ababorda con agudeza y sensibilidad los m\u00e1rgenes de la representaci\u00f3n literaria de la vejez femenina. Adem\u00e1s, desmitifica con luz y ludismo la senectud y la sororidad a trav\u00e9s de un personaje entra\u00f1able\u00bb. Dotado con diez mil d\u00f3lares, la edici\u00f3n 33 del Premio de Literatura Sor Juana In\u00e9s de la Cruz es posible gracias al apoyo del Claustro de Sor Juana. Instituido en 1993, este reconocimiento fue concebido y bautizado por la escritora nicarag\u00fcense Milagros Palma, y premia a la autora de una novela publicada originalmente en espa\u00f1ol.<\/p>\n\n\n\n<p>Angelina Mu\u00f1iz-Huberman, Marcela Serrano, Tatiana Lobo Wiehoff, Elena Garro, Laura Restrepo, Silvia Molina, Silvia Iparraguirre, Cristina Rivera Garza, Ana Gloria Moya, Margo Glantz, Cristina S\u00e1nchez-Andrade, Paloma Villegas, Claudia Amengual, Tununa Mercado, Gioconda Belli, Claudia Pi\u00f1eiro, Almudena Grandes, Lina Meruane, Ana Garc\u00eda Bergua, In\u00e9s Fern\u00e1ndez Moreno, Perla Suez, Marina Perezagua, Nona Fern\u00e1ndez, Clara Us\u00f3n, Mar\u00eda Gainza, Camila Sosa Villada, Daniela Tarazona, Mar\u00eda Ospina Pizano y Gabriela Cabez\u00f3n C\u00e1mara tambi\u00e9n han recibido este galard\u00f3n.<\/p>\n\n\n\n<p>Entrega del Premio de Literatura Sor Juana In\u00e9s de la Cruz a Fernanda Tr\u00edas<\/p>\n\n\n\n<p>Mi\u00e9rcoles 3 de diciembre:<\/p>\n\n\n\n<p>&nbsp;&nbsp;&nbsp; 18:00 a 19:20 horas<\/p>\n\n\n\n<p>&nbsp;&nbsp;&nbsp; Auditorio Juan Rulfo, planta baja, Expo Guadalajara<\/p>\n","protected":false},"excerpt":{"rendered":"<p>Guadalajara, Jalisco, M\u00e9xico, Am\u00e9rica.- Por ser \u201cuna novela que se enra\u00edza en la tradici\u00f3n narrativa&#8230;<\/p>\n","protected":false},"author":1,"featured_media":375089,"comment_status":"open","ping_status":"open","sticky":false,"template":"","format":"standard","meta":{"footnotes":""},"categories":[151],"tags":[],"class_list":["post-375088","post","type-post","status-publish","format-standard","has-post-thumbnail","hentry","category-espectaculos"],"gutentor_comment":0,"_links":{"self":[{"href":"https:\/\/www.elplaneta.mx\/index.php?rest_route=\/wp\/v2\/posts\/375088","targetHints":{"allow":["GET"]}}],"collection":[{"href":"https:\/\/www.elplaneta.mx\/index.php?rest_route=\/wp\/v2\/posts"}],"about":[{"href":"https:\/\/www.elplaneta.mx\/index.php?rest_route=\/wp\/v2\/types\/post"}],"author":[{"embeddable":true,"href":"https:\/\/www.elplaneta.mx\/index.php?rest_route=\/wp\/v2\/users\/1"}],"replies":[{"embeddable":true,"href":"https:\/\/www.elplaneta.mx\/index.php?rest_route=%2Fwp%2Fv2%2Fcomments&post=375088"}],"version-history":[{"count":1,"href":"https:\/\/www.elplaneta.mx\/index.php?rest_route=\/wp\/v2\/posts\/375088\/revisions"}],"predecessor-version":[{"id":375090,"href":"https:\/\/www.elplaneta.mx\/index.php?rest_route=\/wp\/v2\/posts\/375088\/revisions\/375090"}],"wp:featuredmedia":[{"embeddable":true,"href":"https:\/\/www.elplaneta.mx\/index.php?rest_route=\/wp\/v2\/media\/375089"}],"wp:attachment":[{"href":"https:\/\/www.elplaneta.mx\/index.php?rest_route=%2Fwp%2Fv2%2Fmedia&parent=375088"}],"wp:term":[{"taxonomy":"category","embeddable":true,"href":"https:\/\/www.elplaneta.mx\/index.php?rest_route=%2Fwp%2Fv2%2Fcategories&post=375088"},{"taxonomy":"post_tag","embeddable":true,"href":"https:\/\/www.elplaneta.mx\/index.php?rest_route=%2Fwp%2Fv2%2Ftags&post=375088"}],"curies":[{"name":"wp","href":"https:\/\/api.w.org\/{rel}","templated":true}]}}