{"id":375331,"date":"2025-11-03T08:43:43","date_gmt":"2025-11-03T14:43:43","guid":{"rendered":"https:\/\/www.elplaneta.mx\/?p=375331"},"modified":"2025-11-03T08:43:47","modified_gmt":"2025-11-03T14:43:47","slug":"la-catrina-campeon-de-fut-11-en-la-cima-de-victoria-tamaulipas","status":"publish","type":"post","link":"https:\/\/www.elplaneta.mx\/?p=375331","title":{"rendered":"La Catrina campe\u00f3n de Fut-11 en la Cima de Victoria, Tamaulipas"},"content":{"rendered":"<div class=\"wp-block-image\">\n<figure class=\"alignleft size-full is-resized\"><img loading=\"lazy\" decoding=\"async\" width=\"640\" height=\"440\" src=\"https:\/\/www.elplaneta.mx\/wp-content\/themes\/elplaneta\/FOTOS\/3_LACATRINA-NOTA-2.jpg\" alt=\"\" class=\"wp-image-375332\" style=\"width:453px;height:auto\" srcset=\"https:\/\/www.elplaneta.mx\/wp-content\/themes\/elplaneta\/FOTOS\/3_LACATRINA-NOTA-2.jpg 640w, https:\/\/www.elplaneta.mx\/wp-content\/themes\/elplaneta\/FOTOS\/3_LACATRINA-NOTA-2-300x206.jpg 300w\" sizes=\"auto, (max-width: 640px) 100vw, 640px\" \/><\/figure><\/div>\n\n\n<p>Ciudad Victoria, Tamaulipas, M\u00e9xico, Am\u00e9rica.- La Catrina conquist\u00f3 su primer campeonato en la categor\u00eda Fut-11 de la Liga de F\u00fatbol de La Cima, tras vencer 2-1 a Las Mar\u00edas, con un doblete de Alfredo \u201cChapu\u201d Galv\u00e1n como figura del encuentro, ante un p\u00fablico que llen\u00f3 las gradas del Complejo Deportivo, el cuadro dirigido por Nallely Castro tuvo que remar contracorriente, luego de verse abajo en el marcador.<\/p>\n\n\n\n<p>En los primeros minutos, La Catrina mostr\u00f3 mayor orden y dominio territorial, aunque fueron Las Mar\u00edas quienes se adelantaron gracias a un potente disparo de Max P\u00e9rez, imposible para el arquero rival.<\/p>\n\n\n\n<p>Pero para la parte complementaria, todo fue diferente. Galv\u00e1n tom\u00f3 protagonismo, lider\u00f3 a su equipo y, con un disparo potente, empat\u00f3 el encuentro 1-1. Impulsados por el tanto, La Catrina mantuvo la presi\u00f3n hasta que el propio Galv\u00e1n volvi\u00f3 a aparecer, con un disparo de tiro cobrado de manera magistral para el 2-1 definitivo.<\/p>\n\n\n\n<p>Pese a que el campe\u00f3n tuvo m\u00e1s oportunidades para ampliar la diferencia, el marcador no se movi\u00f3. Con el silbatazo final, La Catrina sell\u00f3 una remontada hist\u00f3rica y se proclam\u00f3 campe\u00f3n de La Cima entre aplausos y celebraci\u00f3n total.<\/p>\n","protected":false},"excerpt":{"rendered":"<p>Ciudad Victoria, Tamaulipas, M\u00e9xico, Am\u00e9rica.- La Catrina conquist\u00f3 su primer campeonato en la categor\u00eda Fut-11&#8230;<\/p>\n","protected":false},"author":1,"featured_media":375332,"comment_status":"open","ping_status":"open","sticky":false,"template":"","format":"standard","meta":{"footnotes":""},"categories":[8],"tags":[],"class_list":["post-375331","post","type-post","status-publish","format-standard","has-post-thumbnail","hentry","category-deportes"],"gutentor_comment":0,"_links":{"self":[{"href":"https:\/\/www.elplaneta.mx\/index.php?rest_route=\/wp\/v2\/posts\/375331","targetHints":{"allow":["GET"]}}],"collection":[{"href":"https:\/\/www.elplaneta.mx\/index.php?rest_route=\/wp\/v2\/posts"}],"about":[{"href":"https:\/\/www.elplaneta.mx\/index.php?rest_route=\/wp\/v2\/types\/post"}],"author":[{"embeddable":true,"href":"https:\/\/www.elplaneta.mx\/index.php?rest_route=\/wp\/v2\/users\/1"}],"replies":[{"embeddable":true,"href":"https:\/\/www.elplaneta.mx\/index.php?rest_route=%2Fwp%2Fv2%2Fcomments&post=375331"}],"version-history":[{"count":1,"href":"https:\/\/www.elplaneta.mx\/index.php?rest_route=\/wp\/v2\/posts\/375331\/revisions"}],"predecessor-version":[{"id":375333,"href":"https:\/\/www.elplaneta.mx\/index.php?rest_route=\/wp\/v2\/posts\/375331\/revisions\/375333"}],"wp:featuredmedia":[{"embeddable":true,"href":"https:\/\/www.elplaneta.mx\/index.php?rest_route=\/wp\/v2\/media\/375332"}],"wp:attachment":[{"href":"https:\/\/www.elplaneta.mx\/index.php?rest_route=%2Fwp%2Fv2%2Fmedia&parent=375331"}],"wp:term":[{"taxonomy":"category","embeddable":true,"href":"https:\/\/www.elplaneta.mx\/index.php?rest_route=%2Fwp%2Fv2%2Fcategories&post=375331"},{"taxonomy":"post_tag","embeddable":true,"href":"https:\/\/www.elplaneta.mx\/index.php?rest_route=%2Fwp%2Fv2%2Ftags&post=375331"}],"curies":[{"name":"wp","href":"https:\/\/api.w.org\/{rel}","templated":true}]}}