{"id":375544,"date":"2025-11-07T12:30:05","date_gmt":"2025-11-07T18:30:05","guid":{"rendered":"https:\/\/www.elplaneta.mx\/?p=375544"},"modified":"2025-11-07T12:30:17","modified_gmt":"2025-11-07T18:30:17","slug":"cierran-la-primaria-leona-vicario-de-victoria-padres-exigen-maestros","status":"publish","type":"post","link":"https:\/\/www.elplaneta.mx\/?p=375544","title":{"rendered":"Cierran la primaria Leona Vicario de Victoria; padres exigen maestros"},"content":{"rendered":"<div class=\"wp-block-image\">\n<figure class=\"alignleft size-full\"><img loading=\"lazy\" decoding=\"async\" width=\"576\" height=\"432\" src=\"https:\/\/www.elplaneta.mx\/wp-content\/themes\/elplaneta\/FOTOS\/7V6457464.jpg\" alt=\"\" class=\"wp-image-375545\" srcset=\"https:\/\/www.elplaneta.mx\/wp-content\/themes\/elplaneta\/FOTOS\/7V6457464.jpg 576w, https:\/\/www.elplaneta.mx\/wp-content\/themes\/elplaneta\/FOTOS\/7V6457464-300x225.jpg 300w\" sizes=\"auto, (max-width: 576px) 100vw, 576px\" \/><\/figure><\/div>\n\n\n<p>Ciudad Victoria, Tamaulipas, M\u00e9xico, Am\u00e9rica.- Siguen los conflictos en los centros educativos de Ciudad Victoria. En esta ocasi\u00f3n, fueron los padres de familia de la escuela primaria &#8216;Leona Vicario&#8217; quienes, desde muy tempranas horas de este jueves, cerraron el plantel como medida de presi\u00f3n para exigir la asignaci\u00f3n de maestros.<\/p>\n\n\n\n<p>Los padres se\u00f1alaron que el grupo de 3\u00b0-10 lleva m\u00e1s de un mes y medio sin docente titular, luego de que el maestro a cargo se jubilara sin que la Secretar\u00eda de Educaci\u00f3n de Tamaulipas (SET) haya enviado a un reemplazo.<\/p>\n\n\n\n<p>\u201cEstamos exigiendo maestros, no tenemos titular frente a grupo desde hace aproximadamente un mes y medio. Ya viene la semana de ex\u00e1menes y los ni\u00f1os no tienen seguimiento en sus apuntes ni en sus clases\u201d, expresaron los padres, quienes aseguraron haber acudido a la direcci\u00f3n, supervisi\u00f3n y a la propia SET sin obtener una respuesta a su petici\u00f3n.<\/p>\n\n\n\n<p>Indicaron que esta situaci\u00f3n ha provocado un rezago entre los estudiantes, ya que no est\u00e1n llevando un seguimiento adecuado de los programas acad\u00e9micos.<\/p>\n\n\n\n<p>\u201cAlgunos padres hemos tenido que pagar clases extras para que los ni\u00f1os no se queden atr\u00e1s, pero no es justo; ya viene la semana de ex\u00e1menes y no hay temario, y los maestros que entran s\u00f3lo permanecen unos minutos, les dejan una copia y se van\u201d, relataron.<\/p>\n\n\n\n<p>De acuerdo con los manifestantes, la escuela enfrenta la falta de cinco docentes, entre ellos maestros de ingl\u00e9s, arte, inform\u00e1tica y titulares de grupo. Los padres advirtieron que mantendr\u00e1n el cierre del plantel hasta que, por lo menos, se designe un maestro titular.<\/p>\n\n\n\n<p>Cabe mencionar que, con esta ya son dos las protestas registradas de manera consecutiva en lo que va de la semana en escuelas de la localidad. La primera ocurri\u00f3 el mi\u00e9rcoles en el jard\u00edn de ni\u00f1os &#8216;Herlinda Lav\u00edn G\u00f3mez&#8217;, donde los padres de familia cerraron la instituci\u00f3n por la falta de personal docente y de intendencia.<\/p>\n","protected":false},"excerpt":{"rendered":"<p>Ciudad Victoria, Tamaulipas, M\u00e9xico, Am\u00e9rica.- Siguen los conflictos en los centros educativos de Ciudad Victoria&#8230;.<\/p>\n","protected":false},"author":1,"featured_media":375545,"comment_status":"open","ping_status":"open","sticky":false,"template":"","format":"standard","meta":{"footnotes":""},"categories":[20,150],"tags":[],"class_list":["post-375544","post","type-post","status-publish","format-standard","has-post-thumbnail","hentry","category-tamaulipas","category-victoria-2"],"gutentor_comment":0,"_links":{"self":[{"href":"https:\/\/www.elplaneta.mx\/index.php?rest_route=\/wp\/v2\/posts\/375544","targetHints":{"allow":["GET"]}}],"collection":[{"href":"https:\/\/www.elplaneta.mx\/index.php?rest_route=\/wp\/v2\/posts"}],"about":[{"href":"https:\/\/www.elplaneta.mx\/index.php?rest_route=\/wp\/v2\/types\/post"}],"author":[{"embeddable":true,"href":"https:\/\/www.elplaneta.mx\/index.php?rest_route=\/wp\/v2\/users\/1"}],"replies":[{"embeddable":true,"href":"https:\/\/www.elplaneta.mx\/index.php?rest_route=%2Fwp%2Fv2%2Fcomments&post=375544"}],"version-history":[{"count":1,"href":"https:\/\/www.elplaneta.mx\/index.php?rest_route=\/wp\/v2\/posts\/375544\/revisions"}],"predecessor-version":[{"id":375546,"href":"https:\/\/www.elplaneta.mx\/index.php?rest_route=\/wp\/v2\/posts\/375544\/revisions\/375546"}],"wp:featuredmedia":[{"embeddable":true,"href":"https:\/\/www.elplaneta.mx\/index.php?rest_route=\/wp\/v2\/media\/375545"}],"wp:attachment":[{"href":"https:\/\/www.elplaneta.mx\/index.php?rest_route=%2Fwp%2Fv2%2Fmedia&parent=375544"}],"wp:term":[{"taxonomy":"category","embeddable":true,"href":"https:\/\/www.elplaneta.mx\/index.php?rest_route=%2Fwp%2Fv2%2Fcategories&post=375544"},{"taxonomy":"post_tag","embeddable":true,"href":"https:\/\/www.elplaneta.mx\/index.php?rest_route=%2Fwp%2Fv2%2Ftags&post=375544"}],"curies":[{"name":"wp","href":"https:\/\/api.w.org\/{rel}","templated":true}]}}