{"id":375586,"date":"2025-11-09T06:06:02","date_gmt":"2025-11-09T12:06:02","guid":{"rendered":"https:\/\/www.elplaneta.mx\/?p=375586"},"modified":"2025-11-09T06:06:07","modified_gmt":"2025-11-09T12:06:07","slug":"fusionan-en-sus-murales-el-mundo-literario-y-el-arte-plastico-uanl","status":"publish","type":"post","link":"https:\/\/www.elplaneta.mx\/?p=375586","title":{"rendered":"Fusionan en sus murales el mundo literario y el arte pl\u00e1stico: UANL"},"content":{"rendered":"<div class=\"wp-block-image\">\n<figure class=\"alignleft size-full\"><img loading=\"lazy\" decoding=\"async\" width=\"487\" height=\"421\" src=\"https:\/\/www.elplaneta.mx\/wp-content\/themes\/elplaneta\/FOTOS\/9N4374895847556.jpg\" alt=\"\" class=\"wp-image-375587\" srcset=\"https:\/\/www.elplaneta.mx\/wp-content\/themes\/elplaneta\/FOTOS\/9N4374895847556.jpg 487w, https:\/\/www.elplaneta.mx\/wp-content\/themes\/elplaneta\/FOTOS\/9N4374895847556-300x259.jpg 300w\" sizes=\"auto, (max-width: 487px) 100vw, 487px\" \/><\/figure><\/div>\n\n\n<p>Monterrey, Nuevo Le\u00f3n, Am\u00e9rica.- En el marco del 30 aniversario de la Biblioteca Universitaria Ra\u00fal Rangel Fr\u00edas, diversos artistas participaron en la creaci\u00f3n de murales para la exposici\u00f3n colectiva \u201cEntre letras y pinceles\u201d.<\/p>\n\n\n\n<p>Un total de seis murales de diversas tem\u00e1ticas que fusionan la literatura con la pintura adornan la fachada principal de la biblioteca universitaria. Todos ellos toman como inspiraci\u00f3n obras literarias que van de El Principito de Antoine de Saint-Exup\u00e9ry a El pr\u00edncipe feliz de Oscar Wilde.<\/p>\n\n\n\n<p>El proyecto estuvo a cargo del artista pl\u00e1stico Pako Mu\u00f1iz Valles, quien extendi\u00f3 la invitaci\u00f3n a diversos creadores de la ciudad y ofreci\u00f3 un espacio para plasmar sus ideas basadas en obras de la literatura universal.<\/p>\n\n\n\n<p>\u201cEn el desarrollo de esta iniciativa tuvimos un fin de semana muy intenso. El arte urbano es muy importante y para nosotros es de gran relevancia aprender a apreciar desde un mural como el que elaboramos hasta un sticker. El arte es un medio de expresi\u00f3n con el cual nosotros dejamos una huella en el mundo\u201d.<\/p>\n\n\n\n<p>Mu\u00f1iz Valles encabez\u00f3 la elaboraci\u00f3n de su obra \u201cConga al anochecer\u201d junto a tres colegas del arte pl\u00e1stico. Su inspiraci\u00f3n se encuentra en libros como Donde viven los monstruos y Alicia en el pa\u00eds de las maravillas y se refleja en una composici\u00f3n art\u00edstica que conmemora la imaginaci\u00f3n y la fantas\u00eda infantil.<\/p>\n\n\n\n<p>\u201cNosotros buscamos inspirar la fantas\u00eda y que la gente se vea reflejada en la curiosidad y en el juego infinito como cuando \u00e9ramos ni\u00f1os. La idea es que se sientan identificados con este aspecto l\u00fadico y que ellos puedan ver que la imaginaci\u00f3n de los libros nos puede llevar a viajar y experimentar cosas que dejamos de lado a trav\u00e9s del tiempo\u201d, expres\u00f3.<\/p>\n\n\n\n<p>La exposici\u00f3n colectiva, \u201cEntre letras y pinceles\u201d, fue inaugurada el pasado 16 de octubre en las celebraciones de las primeras tres d\u00e9cadas de la BURRF.<\/p>\n\n\n\n<p>Las obras, que se realizaron con el patrocinio de Pinturas Doal, estar\u00e1n instaladas en la fachada principal de la dependencia universitaria hasta el 31 de octubre y despu\u00e9s se trasladar\u00e1n al interior del recinto.<\/p>\n\n\n\n<p>Buscan provocar la reflexi\u00f3n<\/p>\n\n\n\n<p>La artista visual y docente Rosa Lugo particip\u00f3 en la creaci\u00f3n de un mural que toma como punto de inspiraci\u00f3n El pr\u00edncipe feliz de Oscar Wilde y busca que el p\u00fablico reflexione sobre la desigualdad y la compasi\u00f3n.<\/p>\n\n\n\n<p>El mural representa la historia de una estatua cubierta de oro y joyas que, desde lo alto de una ciudad, observa las injusticias y la desigualdad. Con un marcado sentimiento de compasi\u00f3n, pide a una golondrina que retire sus riquezas y las reparta entre los necesitados.<\/p>\n\n\n\n<p>En la obra, Lugo y sus compa\u00f1eras representan a la estatua, que a su vez encarna la figura del autor Oscar Wilde, y a varias golondrinas, cada una pintada con el estilo individual de las artistas, trazando el camino de la distribuci\u00f3n de las joyas sobre la ciudad.<\/p>\n\n\n\n<p>Rosa Lugo expres\u00f3 que, aunque no todos conozcan el cuento en que est\u00e1 inspirada, espera que la obra transmita a trav\u00e9s de este canal el mensaje de sufrimiento ante las injusticias y genere una reflexi\u00f3n en quien la contemple.<\/p>\n\n\n\n<p>\u201cEsta obra nos convoc\u00f3 a varios artistas y nos dej\u00f3 mucho aprendizaje, adem\u00e1s de que cada quien comparti\u00f3 su estilo, t\u00e9cnicas e intereses en cuanto a la literatura\u201d.<\/p>\n\n\n\n<p>Una vuelta a la infancia<\/p>\n\n\n\n<p>El artista urbano Gera Robledo encabez\u00f3 la obra \u201cEl principito\u201d, mural que busca llevar a las personas de vuelta a la infancia, al tiempo en que se imaginaban, disfrutaban, creaban y conectaban con diferentes perspectivas, hasta recobrar la imaginaci\u00f3n y la creatividad.<\/p>\n\n\n\n<p>Robledo destac\u00f3 que la convocatoria busca reunir dos mundos: el literario y el art\u00edstico y transmitir un mensaje a trav\u00e9s de una sola imagen que logre fusionarlos.<\/p>\n\n\n\n<p>\u201cQueremos con el arte urbano y con la propuesta de \u2018El principito\u2019 transportarnos a la infancia, donde todo lo que ve\u00edamos era asombroso, donde con todo lo que encontr\u00e1bamos, con lo que descubr\u00edamos, imagin\u00e1bamos cosas, disfrut\u00e1bamos, cre\u00e1bamos y conect\u00e1bamos con distintas personas, con distintos temas, con distintos puntos de vista\u201d.<\/p>\n\n\n\n<p>Obras de la colecci\u00f3n \u201cEntre letras y pinceles\u201d<\/p>\n\n\n\n<p>El principito \/ Gera Robledo \/ Eliseo Escobar \/ Joshua Salvador Torres Gonz\u00e1lez<\/p>\n\n\n\n<p>Conga al anochecer \/ Pako Mu\u00f1iz Valles \/ Alondra Carrillo (Morris) \/ Carlos Castillo (mr. Charls) \/ Vane Rojas<\/p>\n\n\n\n<p>Sin t\u00edtulo (retratos) \/ Emirette Alonso \/ Alberto Rocha (Soars) \/ Frida Balderas \/ Sally Marmolejo<\/p>\n\n\n\n<p>Sin t\u00edtulo (retrato y golondrinas) \/ Rosa Lugo V\u00e9lez \/ Anahid Hern\u00e1ndez \/ Estefan\u00eda Monroy Torres (Fanee Monroy) \/ Perla Luna Mendoza (Perla Moon)<\/p>\n\n\n\n<p>Vivir en la niebla \/ Jes\u00fas Ibarra (Holic) \/ Isis R\u00edos (Neff) \/ Jorge Isaac Gonz\u00e1lez Garc\u00eda \/ Lorena Lizbeth Franco Mandujano<\/p>\n\n\n\n<p>Los mundos que nos habitan \/ Paola Pic\u00f3n \/ Moni Oliva<\/p>\n","protected":false},"excerpt":{"rendered":"<p>Monterrey, Nuevo Le\u00f3n, Am\u00e9rica.- En el marco del 30 aniversario de la Biblioteca Universitaria Ra\u00fal&#8230;<\/p>\n","protected":false},"author":1,"featured_media":375587,"comment_status":"open","ping_status":"open","sticky":false,"template":"","format":"standard","meta":{"footnotes":""},"categories":[151],"tags":[],"class_list":["post-375586","post","type-post","status-publish","format-standard","has-post-thumbnail","hentry","category-espectaculos"],"gutentor_comment":0,"_links":{"self":[{"href":"https:\/\/www.elplaneta.mx\/index.php?rest_route=\/wp\/v2\/posts\/375586","targetHints":{"allow":["GET"]}}],"collection":[{"href":"https:\/\/www.elplaneta.mx\/index.php?rest_route=\/wp\/v2\/posts"}],"about":[{"href":"https:\/\/www.elplaneta.mx\/index.php?rest_route=\/wp\/v2\/types\/post"}],"author":[{"embeddable":true,"href":"https:\/\/www.elplaneta.mx\/index.php?rest_route=\/wp\/v2\/users\/1"}],"replies":[{"embeddable":true,"href":"https:\/\/www.elplaneta.mx\/index.php?rest_route=%2Fwp%2Fv2%2Fcomments&post=375586"}],"version-history":[{"count":1,"href":"https:\/\/www.elplaneta.mx\/index.php?rest_route=\/wp\/v2\/posts\/375586\/revisions"}],"predecessor-version":[{"id":375588,"href":"https:\/\/www.elplaneta.mx\/index.php?rest_route=\/wp\/v2\/posts\/375586\/revisions\/375588"}],"wp:featuredmedia":[{"embeddable":true,"href":"https:\/\/www.elplaneta.mx\/index.php?rest_route=\/wp\/v2\/media\/375587"}],"wp:attachment":[{"href":"https:\/\/www.elplaneta.mx\/index.php?rest_route=%2Fwp%2Fv2%2Fmedia&parent=375586"}],"wp:term":[{"taxonomy":"category","embeddable":true,"href":"https:\/\/www.elplaneta.mx\/index.php?rest_route=%2Fwp%2Fv2%2Fcategories&post=375586"},{"taxonomy":"post_tag","embeddable":true,"href":"https:\/\/www.elplaneta.mx\/index.php?rest_route=%2Fwp%2Fv2%2Ftags&post=375586"}],"curies":[{"name":"wp","href":"https:\/\/api.w.org\/{rel}","templated":true}]}}