{"id":375633,"date":"2025-11-10T07:20:26","date_gmt":"2025-11-10T13:20:26","guid":{"rendered":"https:\/\/www.elplaneta.mx\/?p=375633"},"modified":"2025-11-10T07:20:58","modified_gmt":"2025-11-10T13:20:58","slug":"presente-uanl-en-feria-del-libro-de-monclova","status":"publish","type":"post","link":"https:\/\/www.elplaneta.mx\/?p=375633","title":{"rendered":"Presente UANL en Feria del Libro de Monclova"},"content":{"rendered":"<div class=\"wp-block-image\">\n<figure class=\"alignleft size-full\"><img loading=\"lazy\" decoding=\"async\" width=\"576\" height=\"324\" src=\"https:\/\/www.elplaneta.mx\/wp-content\/themes\/elplaneta\/FOTOS\/10N3683457575.jpg\" alt=\"\" class=\"wp-image-375634\" srcset=\"https:\/\/www.elplaneta.mx\/wp-content\/themes\/elplaneta\/FOTOS\/10N3683457575.jpg 576w, https:\/\/www.elplaneta.mx\/wp-content\/themes\/elplaneta\/FOTOS\/10N3683457575-300x169.jpg 300w\" sizes=\"auto, (max-width: 576px) 100vw, 576px\" \/><\/figure><\/div>\n\n\n<p>Monterrey, Nuevo Le\u00f3n, M\u00e9xico, Am\u00e9rica.- La Universidad Aut\u00f3noma de Nuevo Le\u00f3n particip\u00f3 en la Feria del Libro Monclova 2025 con la puesta en escena \u201cMientras sue\u00f1o. Mientras soy\u201d, de Felipe Villarreal, bajo la direcci\u00f3n de Jos\u00e9 Olivares.<\/p>\n\n\n\n<p>El Taller de Teatro de la Facultad de Artes Esc\u00e9nicas de la UANL se present\u00f3 el pasado 25 de octubre en el auditorio del Museo Pape, dentro del Foro Esc\u00e9nico Emilio Carballido.<\/p>\n\n\n\n<p>Estudiantes del quinto y s\u00e9ptimo semestre de la Licenciatura en Arte Teatral de la UANL participaron en este proyecto esc\u00e9nico, que surgi\u00f3 de un proceso de investigaci\u00f3n esc\u00e9nica en torno a la pregunta \u00bfqui\u00e9n soy?<\/p>\n\n\n\n<p>La obra integra textos del autor Felipe Villarreal, aunado a los aportes escritos por los estudiantes-actores y actrices, y fragmentos de \u201cLa vida es sue\u00f1o\u201d de Calder\u00f3n de la Barca; el resultado es una dramaturgia que enlaza la memoria personal con el legado de la tradici\u00f3n teatral.<\/p>\n\n\n\n<p>Ante el p\u00fablico coahuilense, los j\u00f3venes universitarios compartieron recuerdos, objetos y reflexiones que se transformaron en material esc\u00e9nico. El elenco de la M\u00e1xima Casa de Estudios de Nuevo Le\u00f3n viaj\u00f3 completo a Monclova junto con el director Jos\u00e9 Olivares y la productora e iluminadora Marcela Humphrey.<\/p>\n\n\n\n<p>La Feria del Libro 2025 se realiz\u00f3 del 24 de octubre al 2 de noviembre en diferentes espacios culturales de Monclova, con la participaci\u00f3n de 61 escritores de esta regi\u00f3n industrial acerera del pa\u00eds.<\/p>\n\n\n\n<p>Autores de proyecci\u00f3n nacional como Gerardo Herrera Corral, David Montalvo y Arturo L\u00f3pez Gavito participaron en esta semana de las letras.<\/p>\n\n\n\n<p>Adem\u00e1s del programa editorial se realizaron diversos eventos art\u00edsticos y culturales con una afluencia estimada de 18 mil asistentes, seg\u00fan fuentes oficiales.<\/p>\n","protected":false},"excerpt":{"rendered":"<p>Monterrey, Nuevo Le\u00f3n, M\u00e9xico, Am\u00e9rica.- La Universidad Aut\u00f3noma de Nuevo Le\u00f3n particip\u00f3 en la Feria&#8230;<\/p>\n","protected":false},"author":1,"featured_media":375634,"comment_status":"open","ping_status":"open","sticky":false,"template":"","format":"standard","meta":{"footnotes":""},"categories":[151],"tags":[],"class_list":["post-375633","post","type-post","status-publish","format-standard","has-post-thumbnail","hentry","category-espectaculos"],"gutentor_comment":0,"_links":{"self":[{"href":"https:\/\/www.elplaneta.mx\/index.php?rest_route=\/wp\/v2\/posts\/375633","targetHints":{"allow":["GET"]}}],"collection":[{"href":"https:\/\/www.elplaneta.mx\/index.php?rest_route=\/wp\/v2\/posts"}],"about":[{"href":"https:\/\/www.elplaneta.mx\/index.php?rest_route=\/wp\/v2\/types\/post"}],"author":[{"embeddable":true,"href":"https:\/\/www.elplaneta.mx\/index.php?rest_route=\/wp\/v2\/users\/1"}],"replies":[{"embeddable":true,"href":"https:\/\/www.elplaneta.mx\/index.php?rest_route=%2Fwp%2Fv2%2Fcomments&post=375633"}],"version-history":[{"count":1,"href":"https:\/\/www.elplaneta.mx\/index.php?rest_route=\/wp\/v2\/posts\/375633\/revisions"}],"predecessor-version":[{"id":375635,"href":"https:\/\/www.elplaneta.mx\/index.php?rest_route=\/wp\/v2\/posts\/375633\/revisions\/375635"}],"wp:featuredmedia":[{"embeddable":true,"href":"https:\/\/www.elplaneta.mx\/index.php?rest_route=\/wp\/v2\/media\/375634"}],"wp:attachment":[{"href":"https:\/\/www.elplaneta.mx\/index.php?rest_route=%2Fwp%2Fv2%2Fmedia&parent=375633"}],"wp:term":[{"taxonomy":"category","embeddable":true,"href":"https:\/\/www.elplaneta.mx\/index.php?rest_route=%2Fwp%2Fv2%2Fcategories&post=375633"},{"taxonomy":"post_tag","embeddable":true,"href":"https:\/\/www.elplaneta.mx\/index.php?rest_route=%2Fwp%2Fv2%2Ftags&post=375633"}],"curies":[{"name":"wp","href":"https:\/\/api.w.org\/{rel}","templated":true}]}}