{"id":375640,"date":"2025-11-10T07:31:15","date_gmt":"2025-11-10T13:31:15","guid":{"rendered":"https:\/\/www.elplaneta.mx\/?p=375640"},"modified":"2025-11-10T07:31:47","modified_gmt":"2025-11-10T13:31:47","slug":"cineteca-nacional-chapultepec-se-suma-a-la-ibero-como-sede-del-festival-de-cine-kinoki","status":"publish","type":"post","link":"https:\/\/www.elplaneta.mx\/?p=375640","title":{"rendered":"Cineteca Nacional Chapultepec se Suma a la IBERO como Sede del Festival de Cine KINOKI"},"content":{"rendered":"<div class=\"wp-block-image\">\n<figure class=\"alignleft size-full\"><img loading=\"lazy\" decoding=\"async\" width=\"560\" height=\"320\" src=\"https:\/\/www.elplaneta.mx\/wp-content\/themes\/elplaneta\/FOTOS\/10C364684755.jpg\" alt=\"\" class=\"wp-image-375641\" srcset=\"https:\/\/www.elplaneta.mx\/wp-content\/themes\/elplaneta\/FOTOS\/10C364684755.jpg 560w, https:\/\/www.elplaneta.mx\/wp-content\/themes\/elplaneta\/FOTOS\/10C364684755-300x171.jpg 300w\" sizes=\"auto, (max-width: 560px) 100vw, 560px\" \/><\/figure><\/div>\n\n\n<p>\u00c1lvaro Obreg\u00f3n, Ciudad de M\u00e9xico, M\u00e9xico, Am\u00e9rica.- Kinoki, el Festival Internacional de Cine Universitario de la Universidad Iberoamericana, vuelve, y en su edici\u00f3n 2025 suma a la Cineteca Nacional Chapultepec como sede.<\/p>\n\n\n\n<p>De esta forma, la gran fiesta del s\u00e9ptimo arte de la IBERO se prepara para recibir a su p\u00fablico en la Cineteca, en nuestro Laboratorio de Comunicaci\u00f3n, y en el Centro de Exploraci\u00f3n y Pensamiento Cr\u00edtico (CEX).<\/p>\n\n\n\n<p>Llegar a la nueva edici\u00f3n de Kinoki fue una tarea ardua, toda vez que para dar forma a la muestra oficial, el equipo organizador, integrado por estudiantes de nuestra Licenciatura en Comunicaci\u00f3n, tuvo que revisar los m\u00e1s de 760 cortometrajes que se inscribieron, provenientes de M\u00e9xico y otras partes del mundo.<\/p>\n\n\n\n<p>Kinoki se inaugurar\u00e1 el martes 11 de noviembre en las instalaciones del CEX, ubicado en Av. Revoluci\u00f3n 1291, a unos pasos del Metro Barranca del Muerto.<\/p>\n\n\n\n<p>Ese d\u00eda, habr\u00e1 un acto de inauguraci\u00f3n a las 16:30 horas; se proyectar\u00e1 \u2018Voy a Explotar\u2019, con presencia de su director, el egresado Gerardo Naranjo, y el acad\u00e9mico Kiyoshi Osawa, ganador del Ariel por \u2018G\u00fceros\u2019 que tambi\u00e9n trabaj\u00f3 en el filme a proyectar.<\/p>\n\n\n\n<p>En la Cineteca Nacional Chapultepec, el mi\u00e9rcoles 12 de noviembre, habr\u00e1 otro acto de inauguraci\u00f3n, una masterclass, \u2018Del Mural a la Pantalla\u2019, con \u2018Los Calladitos\u2019\u2019 y Carlos Azcuaga; se proyectar\u00e1 la selecci\u00f3n oficial Latinoam\u00e9rica de Kinoki; y tambi\u00e9n se presentar\u00e1n cortometrajes de la Licenciatura en Comunicaci\u00f3n y de la Maestr\u00eda en Cine.<\/p>\n\n\n\n<p>El 13 de noviembre, Kinoki tomar\u00e1 la IBERO de 9 de la ma\u00f1ana a 8 de la noche. Adem\u00e1s de la proyecci\u00f3n de la muestra oficial, habr\u00e1 actividades que no te puedes perder, como:<\/p>\n\n\n\n<p>El taller \u2018C\u00f3mo pasar de ser estudiante de Cine a Director de Cine\u2019, con Isaac Ezban.<\/p>\n\n\n\n<p>Proyecci\u00f3n de \u2018Mavela\u2019, producida por Michel Franco.<\/p>\n\n\n\n<p>Proyecci\u00f3n y Q&amp;A de \u2018All\u00e1\u2019 de Montserrat Larqu\u00e9.<\/p>\n\n\n\n<p>Una charla sobre g\u00e9nero y violencias en el set con las egresadas Jennifer Remba, Carolina Rivas y Sof\u00eda Rueda.<\/p>\n\n\n\n<p>Y la participaci\u00f3n de docentes y especialistas como Jos\u00e9 Luis Anaya, Jos\u00e9 \u00c1ngel Villegas, Pablo Mart\u00ednez, y Juli\u00e1n Guti\u00e9rrez.<\/p>\n\n\n\n<p>Finalmente, el 14 de noviembre, el festival ser\u00e1 clausurado en nuestra universidad, pero previamente habr\u00e1 proyecciones de la selecci\u00f3n oficial, de \u2018Ojos que no Ven\u2019 de Alfonso Z\u00e1rate.<\/p>\n\n\n\n<p>La edici\u00f3n actual de Kinoki coincide con la presentaci\u00f3n de la Nueva Escuela de Cine de la IBERO, un programa \u00fanico en Am\u00e9rica Latina que ofrecer\u00e1 la Licenciatura en Comunicaci\u00f3n y la Maestr\u00eda en Cine al cursar un plan de estudios de cinco a\u00f1os.<\/p>\n","protected":false},"excerpt":{"rendered":"<p>\u00c1lvaro Obreg\u00f3n, Ciudad de M\u00e9xico, M\u00e9xico, Am\u00e9rica.- Kinoki, el Festival Internacional de Cine Universitario de&#8230;<\/p>\n","protected":false},"author":1,"featured_media":375641,"comment_status":"open","ping_status":"open","sticky":false,"template":"","format":"standard","meta":{"footnotes":""},"categories":[151],"tags":[],"class_list":["post-375640","post","type-post","status-publish","format-standard","has-post-thumbnail","hentry","category-espectaculos"],"gutentor_comment":0,"_links":{"self":[{"href":"https:\/\/www.elplaneta.mx\/index.php?rest_route=\/wp\/v2\/posts\/375640","targetHints":{"allow":["GET"]}}],"collection":[{"href":"https:\/\/www.elplaneta.mx\/index.php?rest_route=\/wp\/v2\/posts"}],"about":[{"href":"https:\/\/www.elplaneta.mx\/index.php?rest_route=\/wp\/v2\/types\/post"}],"author":[{"embeddable":true,"href":"https:\/\/www.elplaneta.mx\/index.php?rest_route=\/wp\/v2\/users\/1"}],"replies":[{"embeddable":true,"href":"https:\/\/www.elplaneta.mx\/index.php?rest_route=%2Fwp%2Fv2%2Fcomments&post=375640"}],"version-history":[{"count":1,"href":"https:\/\/www.elplaneta.mx\/index.php?rest_route=\/wp\/v2\/posts\/375640\/revisions"}],"predecessor-version":[{"id":375642,"href":"https:\/\/www.elplaneta.mx\/index.php?rest_route=\/wp\/v2\/posts\/375640\/revisions\/375642"}],"wp:featuredmedia":[{"embeddable":true,"href":"https:\/\/www.elplaneta.mx\/index.php?rest_route=\/wp\/v2\/media\/375641"}],"wp:attachment":[{"href":"https:\/\/www.elplaneta.mx\/index.php?rest_route=%2Fwp%2Fv2%2Fmedia&parent=375640"}],"wp:term":[{"taxonomy":"category","embeddable":true,"href":"https:\/\/www.elplaneta.mx\/index.php?rest_route=%2Fwp%2Fv2%2Fcategories&post=375640"},{"taxonomy":"post_tag","embeddable":true,"href":"https:\/\/www.elplaneta.mx\/index.php?rest_route=%2Fwp%2Fv2%2Ftags&post=375640"}],"curies":[{"name":"wp","href":"https:\/\/api.w.org\/{rel}","templated":true}]}}