{"id":375808,"date":"2025-11-14T10:47:56","date_gmt":"2025-11-14T16:47:56","guid":{"rendered":"https:\/\/www.elplaneta.mx\/?p=375808"},"modified":"2025-11-14T10:48:00","modified_gmt":"2025-11-14T16:48:00","slug":"comerciantes-de-victoria-esperan-ventas-por-800-millones-de-pesos-durante-el-buen-fin","status":"publish","type":"post","link":"https:\/\/www.elplaneta.mx\/?p=375808","title":{"rendered":"Comerciantes de Victoria, esperan ventas por 800 millones de pesos durante el Buen Fin"},"content":{"rendered":"<div class=\"wp-block-image\">\n<figure class=\"alignleft size-full is-resized\"><img decoding=\"async\" src=\"https:\/\/www.elplaneta.mx\/wp-content\/themes\/elplaneta\/FOTOS\/25V354684864.jpg\" alt=\"\" class=\"wp-image-367856\" style=\"width:467px;height:auto\" \/><figcaption class=\"wp-element-caption\">Federico Gonz\u00e1lez S\u00e1nchez.<\/figcaption><\/figure><\/div>\n\n\n<p>Ciudad Victoria, Tamaulipas, M\u00e9xico, Am\u00e9rica.- La C\u00e1mara Nacional de Comercio (Canaco) de proyecta que la d\u00e9cimo quinta edici\u00f3n del Buen Fin generar\u00e1 una derrama econ\u00f3mica cercana a los 800 millones de pesos. El dirigente del organismo, Federico Gonz\u00e1lez S\u00e1nchez, indic\u00f3 que son 800 empresas las que participan en esta iniciativa, que se desarrolla de manera simult\u00e1nea en todo el pa\u00eds.<\/p>\n\n\n\n<p>Este a\u00f1o, la campa\u00f1a incorpora un d\u00eda m\u00e1s de actividades, del 13 al 17 de noviembre, y la implementaci\u00f3n de herramientas digitales para fortalecer el consumo. Se espera un incremento del 15% en las ventas.<\/p>\n\n\n\n<p>\u201cA nivel nacional se proyecta que las ventas aumenten un 15%; en Victoria, en 2024 la derrama econ\u00f3mica fue de 600 millones de pesos y este a\u00f1o tengo fe de que lleguemos a los 800 millones. Adem\u00e1s, ahora contamos con la aplicaci\u00f3n que ha desarrollado Concanaco, que permite comparar precios y geolocalizar ofertas. Esto abonar\u00e1 mucho a este aniversario\u201d, explic\u00f3 Gonz\u00e1lez S\u00e1nchez.<\/p>\n\n\n\n<p>En cuanto a las promociones, el dirigente se\u00f1al\u00f3 que var\u00edan seg\u00fan los establecimientos, pero que algunos productos alcanzan descuentos de hasta 70%.<\/p>\n\n\n\n<p>Gonz\u00e1lez S\u00e1nchez a\u00f1adi\u00f3 que la campa\u00f1a tambi\u00e9n incentiva las compras navide\u00f1as anticipadas, apoyadas por la derrama econ\u00f3mica del gobierno federal al adelantar parte del aguinaldo.<\/p>\n\n\n\n<p>\u201cEl Buen Fin es una fiesta comercial donde todos ganamos\u201d, afirm\u00f3.<\/p>\n","protected":false},"excerpt":{"rendered":"<p>Ciudad Victoria, Tamaulipas, M\u00e9xico, Am\u00e9rica.- La C\u00e1mara Nacional de Comercio (Canaco) de proyecta que la&#8230;<\/p>\n","protected":false},"author":1,"featured_media":0,"comment_status":"open","ping_status":"open","sticky":false,"template":"","format":"standard","meta":{"footnotes":""},"categories":[20,150],"tags":[],"class_list":["post-375808","post","type-post","status-publish","format-standard","hentry","category-tamaulipas","category-victoria-2"],"gutentor_comment":0,"_links":{"self":[{"href":"https:\/\/www.elplaneta.mx\/index.php?rest_route=\/wp\/v2\/posts\/375808","targetHints":{"allow":["GET"]}}],"collection":[{"href":"https:\/\/www.elplaneta.mx\/index.php?rest_route=\/wp\/v2\/posts"}],"about":[{"href":"https:\/\/www.elplaneta.mx\/index.php?rest_route=\/wp\/v2\/types\/post"}],"author":[{"embeddable":true,"href":"https:\/\/www.elplaneta.mx\/index.php?rest_route=\/wp\/v2\/users\/1"}],"replies":[{"embeddable":true,"href":"https:\/\/www.elplaneta.mx\/index.php?rest_route=%2Fwp%2Fv2%2Fcomments&post=375808"}],"version-history":[{"count":1,"href":"https:\/\/www.elplaneta.mx\/index.php?rest_route=\/wp\/v2\/posts\/375808\/revisions"}],"predecessor-version":[{"id":375809,"href":"https:\/\/www.elplaneta.mx\/index.php?rest_route=\/wp\/v2\/posts\/375808\/revisions\/375809"}],"wp:attachment":[{"href":"https:\/\/www.elplaneta.mx\/index.php?rest_route=%2Fwp%2Fv2%2Fmedia&parent=375808"}],"wp:term":[{"taxonomy":"category","embeddable":true,"href":"https:\/\/www.elplaneta.mx\/index.php?rest_route=%2Fwp%2Fv2%2Fcategories&post=375808"},{"taxonomy":"post_tag","embeddable":true,"href":"https:\/\/www.elplaneta.mx\/index.php?rest_route=%2Fwp%2Fv2%2Ftags&post=375808"}],"curies":[{"name":"wp","href":"https:\/\/api.w.org\/{rel}","templated":true}]}}