{"id":375828,"date":"2025-11-14T17:27:16","date_gmt":"2025-11-14T23:27:16","guid":{"rendered":"https:\/\/www.elplaneta.mx\/?p=375828"},"modified":"2025-11-14T17:27:20","modified_gmt":"2025-11-14T23:27:20","slug":"derechos-humanos-opera-con-recursos-insuficientes-en-tamaulipas","status":"publish","type":"post","link":"https:\/\/www.elplaneta.mx\/?p=375828","title":{"rendered":"Derechos Humanos, opera con recursos insuficientes en Tamaulipas"},"content":{"rendered":"<div class=\"wp-block-image\">\n<figure class=\"alignleft size-full\"><img loading=\"lazy\" decoding=\"async\" width=\"441\" height=\"376\" src=\"https:\/\/www.elplaneta.mx\/wp-content\/themes\/elplaneta\/FOTOS\/Maria-Taide-Garza-Guerra.jpg\" alt=\"\" class=\"wp-image-373353\" srcset=\"https:\/\/www.elplaneta.mx\/wp-content\/themes\/elplaneta\/FOTOS\/Maria-Taide-Garza-Guerra.jpg 441w, https:\/\/www.elplaneta.mx\/wp-content\/themes\/elplaneta\/FOTOS\/Maria-Taide-Garza-Guerra-300x256.jpg 300w\" sizes=\"auto, (max-width: 441px) 100vw, 441px\" \/><figcaption class=\"wp-element-caption\">Mar\u00eda Taide Garza Guerra.<\/figcaption><\/figure><\/div>\n\n\n<p>Ciudad Victoria, Tamaulipas, M\u00e9xico, Am\u00e9rica.- La presidenta de la Comisi\u00f3n de Derechos Humanos del Estado de Tamaulipas (Codhet), Taid\u00e9 Garza Guerra, reconoci\u00f3 que el organismo opera con recursos insuficientes para fortalecer el acompa\u00f1amiento a los colectivos de b\u00fasqueda de personas desaparecidas.<\/p>\n\n\n\n<p>Aunque la Comisi\u00f3n mantiene apoyo con una camioneta tipo van y personal en campo, se\u00f1al\u00f3 que el presupuesto actual no permite ampliar su presencia ni robustecer estas acciones.<\/p>\n\n\n\n<p>Garza Guerra detall\u00f3 que el presupuesto de la Codhet no ha tenido incrementos reales, salvo los ajustes salariales obligatorios, lo que limita la contrataci\u00f3n de personal adicional y la adquisici\u00f3n de equipo especializado para labores de localizaci\u00f3n y rastreo.<\/p>\n\n\n\n<p>\u201cAunque quisi\u00e9ramos apoyar m\u00e1s en el tema de las b\u00fasquedas, no ha habido aumento presupuestal. Por eso no se ha podido crecer la capacidad operativa\u201d, expres\u00f3.<\/p>\n\n\n\n<p>Respecto al panorama estatal de desapariciones, record\u00f3 que Tamaulipas lleg\u00f3 a ocupar el primer lugar nacional y actualmente se ubica en el tercer sitio.<\/p>\n\n\n\n<p>En ese contexto, se\u00f1al\u00f3 que la falta de presupuesto se convierte en un obst\u00e1culo directo para reforzar la atenci\u00f3n a los colectivos y acompa\u00f1ar m\u00e1s b\u00fasquedas.<\/p>\n","protected":false},"excerpt":{"rendered":"<p>Ciudad Victoria, Tamaulipas, M\u00e9xico, Am\u00e9rica.- La presidenta de la Comisi\u00f3n de Derechos Humanos del Estado&#8230;<\/p>\n","protected":false},"author":1,"featured_media":373353,"comment_status":"open","ping_status":"open","sticky":false,"template":"","format":"standard","meta":{"footnotes":""},"categories":[20],"tags":[],"class_list":["post-375828","post","type-post","status-publish","format-standard","has-post-thumbnail","hentry","category-tamaulipas"],"gutentor_comment":0,"_links":{"self":[{"href":"https:\/\/www.elplaneta.mx\/index.php?rest_route=\/wp\/v2\/posts\/375828","targetHints":{"allow":["GET"]}}],"collection":[{"href":"https:\/\/www.elplaneta.mx\/index.php?rest_route=\/wp\/v2\/posts"}],"about":[{"href":"https:\/\/www.elplaneta.mx\/index.php?rest_route=\/wp\/v2\/types\/post"}],"author":[{"embeddable":true,"href":"https:\/\/www.elplaneta.mx\/index.php?rest_route=\/wp\/v2\/users\/1"}],"replies":[{"embeddable":true,"href":"https:\/\/www.elplaneta.mx\/index.php?rest_route=%2Fwp%2Fv2%2Fcomments&post=375828"}],"version-history":[{"count":1,"href":"https:\/\/www.elplaneta.mx\/index.php?rest_route=\/wp\/v2\/posts\/375828\/revisions"}],"predecessor-version":[{"id":375829,"href":"https:\/\/www.elplaneta.mx\/index.php?rest_route=\/wp\/v2\/posts\/375828\/revisions\/375829"}],"wp:featuredmedia":[{"embeddable":true,"href":"https:\/\/www.elplaneta.mx\/index.php?rest_route=\/wp\/v2\/media\/373353"}],"wp:attachment":[{"href":"https:\/\/www.elplaneta.mx\/index.php?rest_route=%2Fwp%2Fv2%2Fmedia&parent=375828"}],"wp:term":[{"taxonomy":"category","embeddable":true,"href":"https:\/\/www.elplaneta.mx\/index.php?rest_route=%2Fwp%2Fv2%2Fcategories&post=375828"},{"taxonomy":"post_tag","embeddable":true,"href":"https:\/\/www.elplaneta.mx\/index.php?rest_route=%2Fwp%2Fv2%2Ftags&post=375828"}],"curies":[{"name":"wp","href":"https:\/\/api.w.org\/{rel}","templated":true}]}}