{"id":375836,"date":"2025-11-14T17:47:02","date_gmt":"2025-11-14T23:47:02","guid":{"rendered":"https:\/\/www.elplaneta.mx\/?p=375836"},"modified":"2025-11-14T17:47:07","modified_gmt":"2025-11-14T23:47:07","slug":"carlos-enrique-cantu-rosas","status":"publish","type":"post","link":"https:\/\/www.elplaneta.mx\/?p=375836","title":{"rendered":"Carlos Enrique Cant\u00fa Rosas"},"content":{"rendered":"\n<p>Por Alberto Guerra Salazar<\/p>\n\n\n\n<p>CIUDAD VICTORIA, (ASI).\u2014 Carlos Enrique Cant\u00fa Rosas fue presidente municipal de Nuevo Laredo durante el trienio 1975-1977 y le toc\u00f3 en suerte al autor de esta columna period\u00edstica, vivir en esa ciudad en ese lapso y \u201ccubrir\u201d las noticias del palacio municipal, de tal manera que lo ve\u00edamos todos los d\u00edas de la semana h\u00e1bil.<\/p>\n\n\n\n<p>Carlos fue el co-fundador del PARM y su Nueva Era junto con Bruno Alvarez Valdez, Gilberto Ortiz Medina y otros notables ciudadanos que hicieron historia pues contuvieron el avance del entonces invencible PRI.<\/p>\n\n\n\n<p>El legendario pol\u00edtico fronterizo naci\u00f3 un 12 de noviembre de 1940 y se convirti\u00f3 en un l\u00edder por sus afanes de transformaci\u00f3n y por ser un orador apasionado, vehemente, de esos que&nbsp; hacen que la piel se te enchine con sus proclamas incendiarias.<\/p>\n\n\n\n<p>\u201cM\u00e9xico es un volc\u00e1n a punto de entrar en erupci\u00f3n\u201d, repet\u00eda en sus discursos y la gente le respond\u00eda con aplausos fren\u00e9ticos, gritos y mueras al gobierno.<\/p>\n\n\n\n<p>Junto con otros comunicadores como Miguel Timoshenkov Ram\u00edrez y Dami\u00e1n Avi\u00f1a Palomino, (ya desaparecido), acompa\u00f1\u00e1bamos al entonces llamado chale boy en sus conferencias de prensa en aquel c\u00e9lebre edificio conocido como el Palomar, sede entonces del gobierno municipal.<\/p>\n\n\n\n<p>Pervive el legado de Carlos Enrique en las personas de sus hijos, pues Carmen Lilia es actual presidenta municipal de Nuevo Laredo, y Carlos junior es diputado federal y ya ocup\u00f3, tambi\u00e9n, la jefatura del Cabildo.<\/p>\n\n\n\n<p>Ambos re\u00fanen los requisitos para ser considerados pre-candidatos al gobierno del Estado, en los siguientes a\u00f1os.<\/p>\n\n\n\n<p>A prop\u00f3sito de Nuevo Laredo Casa Violeta, espacio administrado por el Instituto Municipal de la Mujer, INMUJER, contin\u00faa ofreciendo en esa ciudad fronteriza atenci\u00f3n integral y refugio temporal a mujeres y sus hijas e hijos que enfrentan situaciones de violencia severa.<\/p>\n\n\n\n<p>La informaci\u00f3n fue aportad por Cinthya Rodr\u00edguez Leija, directora del Instituto, quien puntualiz\u00f3 que la Casa Violeta opera las 24 horas del d\u00eda, los siete d\u00edas de la semana, y cuenta con un equipo multidisciplinario que brinda atenci\u00f3n sicol\u00f3gica, legal y m\u00e9dica para garantizar la seguridad, salud y bienestar de las mujeres atendidas.<\/p>\n\n\n\n<p>\u201cCasa Violeta es una casa refugio para mujeres en situaci\u00f3n de violencia severa. Se brinda resguardo durante 72 horas oficiales, tiempo en el que se trabaja para salvaguardar su vida, la de sus hijos y garantizar su seguridad.<\/p>\n\n\n\n<p>Hasta el momento han apoyado a m\u00e1s de 80 familias y canalizados casos a diferentes estados del pa\u00eds.<\/p>\n\n\n\n<p>En tanto que el Instituto de las mujeres en Tamaulipas celebr\u00f3 el cierre del Taller Psicoemocional \u201cEntre Nosotras\u201d, realizado a trav\u00e9s del Centro Libre Victoria en el Parque Recreativo Tamat\u00e1n.<\/p>\n\n\n\n<p>Asistieron m\u00e1s de 60 mujeres a esta actividad, entre ellas integrantes del C\u00edrculo Violeta del programa Lazos del Bienestar del DIF Tamaulipas y titulares del derecho que reciben acompa\u00f1amiento sicol\u00f3gico en el instituto, inform\u00f3 Marcia Benavides Villafranca, directora general.<\/p>\n\n\n\n<p>Agreg\u00f3 que este taller incluy\u00f3 diversas sesiones enfocadas en fortalecer el bienestar emocional y personal, abordando temas como autoconcepto, autocuidado, l\u00edmites personales y gesti\u00f3n emocional.<\/p>\n\n\n\n<p>La directora destac\u00f3 tambi\u00e9n que cada mujer recibi\u00f3 una caja con materiales simb\u00f3licos para reforzar las pr\u00e1cticas de reflexi\u00f3n y aprendizaje, entre ellos, una maceta en forma de coraz\u00f3n utilizada en la din\u00e1mica de Kintsugy dentro de la sesi\u00f3n de arteterapia, una met\u00e1fora sobre la transformaci\u00f3n y el reconocimiento de las emociones.<\/p>\n\n\n\n<p>En Matamoros, el ITAVU entreg\u00f3 21 lotes habitacionales en el Fraccionamiento Unidos Avanzamos y la colonia Barrio de Praderas de la Rioja, en un acto encabezado por el delegado de la dependencia estatal, Arnoldo Francisco Garc\u00eda Garc\u00eda.<\/p>\n\n\n\n<p>En su mensaje, el funcionario estatal marc\u00f3 un paso hacia la consolidaci\u00f3n del patrimonio de las familias beneficiadas, al se\u00f1alar que \u201cestas entregas representan m\u00e1s que un terreno, simbolizan estabilidad, esperanza y la oportunidad de construir un mejor futuro\u201d.<\/p>\n\n\n\n<p>Agreg\u00f3 que estas entregas reflejan el esfuerzo coordinado entre el gobierno del Estado y el ITAVU, por avanzar hacia comunidades m\u00e1s ordenadas, seguras y con oportunidades de desarrollo.<\/p>\n\n\n\n<p>Dijo tambi\u00e9n que en cada lote entregado se materializa el compromiso de construir un Tamaulipas m\u00e1s equitativo, donde las familias puedan desarrollarse con certeza, orgullo y esperanza en el porvenir.<\/p>\n\n\n\n<p>Correo electr\u00f3nico: albertoguerra65@hotmail.com<\/p>\n","protected":false},"excerpt":{"rendered":"<p>Por Alberto Guerra Salazar CIUDAD VICTORIA, (ASI).\u2014 Carlos Enrique Cant\u00fa Rosas fue presidente municipal de&#8230;<\/p>\n","protected":false},"author":1,"featured_media":0,"comment_status":"closed","ping_status":"closed","sticky":false,"template":"","format":"standard","meta":{"footnotes":""},"categories":[5],"tags":[],"class_list":["post-375836","post","type-post","status-publish","format-standard","hentry","category-opinion"],"gutentor_comment":0,"_links":{"self":[{"href":"https:\/\/www.elplaneta.mx\/index.php?rest_route=\/wp\/v2\/posts\/375836","targetHints":{"allow":["GET"]}}],"collection":[{"href":"https:\/\/www.elplaneta.mx\/index.php?rest_route=\/wp\/v2\/posts"}],"about":[{"href":"https:\/\/www.elplaneta.mx\/index.php?rest_route=\/wp\/v2\/types\/post"}],"author":[{"embeddable":true,"href":"https:\/\/www.elplaneta.mx\/index.php?rest_route=\/wp\/v2\/users\/1"}],"replies":[{"embeddable":true,"href":"https:\/\/www.elplaneta.mx\/index.php?rest_route=%2Fwp%2Fv2%2Fcomments&post=375836"}],"version-history":[{"count":2,"href":"https:\/\/www.elplaneta.mx\/index.php?rest_route=\/wp\/v2\/posts\/375836\/revisions"}],"predecessor-version":[{"id":375838,"href":"https:\/\/www.elplaneta.mx\/index.php?rest_route=\/wp\/v2\/posts\/375836\/revisions\/375838"}],"wp:attachment":[{"href":"https:\/\/www.elplaneta.mx\/index.php?rest_route=%2Fwp%2Fv2%2Fmedia&parent=375836"}],"wp:term":[{"taxonomy":"category","embeddable":true,"href":"https:\/\/www.elplaneta.mx\/index.php?rest_route=%2Fwp%2Fv2%2Fcategories&post=375836"},{"taxonomy":"post_tag","embeddable":true,"href":"https:\/\/www.elplaneta.mx\/index.php?rest_route=%2Fwp%2Fv2%2Ftags&post=375836"}],"curies":[{"name":"wp","href":"https:\/\/api.w.org\/{rel}","templated":true}]}}