{"id":375897,"date":"2025-11-16T14:51:09","date_gmt":"2025-11-16T20:51:09","guid":{"rendered":"https:\/\/www.elplaneta.mx\/?p=375897"},"modified":"2025-11-16T14:51:13","modified_gmt":"2025-11-16T20:51:13","slug":"analizan-estudiantes-casos-de-como-se-aplica-el-derecho-en-la-realidad-uag","status":"publish","type":"post","link":"https:\/\/www.elplaneta.mx\/?p=375897","title":{"rendered":"Analizan estudiantes casos de c\u00f3mo se aplica el derecho en la realidad: UAG"},"content":{"rendered":"<div class=\"wp-block-image\">\n<figure class=\"alignleft size-full\"><img loading=\"lazy\" decoding=\"async\" width=\"530\" height=\"374\" src=\"https:\/\/www.elplaneta.mx\/wp-content\/themes\/elplaneta\/FOTOS\/16J3639587475.jpg\" alt=\"\" class=\"wp-image-375898\" srcset=\"https:\/\/www.elplaneta.mx\/wp-content\/themes\/elplaneta\/FOTOS\/16J3639587475.jpg 530w, https:\/\/www.elplaneta.mx\/wp-content\/themes\/elplaneta\/FOTOS\/16J3639587475-300x212.jpg 300w\" sizes=\"auto, (max-width: 530px) 100vw, 530px\" \/><\/figure><\/div>\n\n\n<p>Guadalajara, Jalisco, M\u00e9xico, Am\u00e9rica.- El Marat\u00f3n Escuchatorio 2025, titulado \u201cSentencias para la Historia\u201d, fue un encuentro virtual que reuni\u00f3 a j\u00f3venes universitarios de todo el pa\u00eds e invitados internacionales con el prop\u00f3sito de analizar 10 fallos que marcaron la historia de los derechos pol\u00edtico-electorales en M\u00e9xico.<\/p>\n\n\n\n<p>Organizado por el Tribunal Electoral del Poder Judicial de la Federaci\u00f3n (TEPJF), este espacio busc\u00f3 fomentar la reflexi\u00f3n, el di\u00e1logo y la comprensi\u00f3n de c\u00f3mo las decisiones judiciales han influido en el fortalecimiento de la democracia y la protecci\u00f3n de los derechos de diversos grupos sociales.<\/p>\n\n\n\n<p>Participaci\u00f3n de los estudiantes UAG<\/p>\n\n\n\n<p>Por parte de la Universidad Aut\u00f3noma de Guadalajara (UAG), participaron Wendy Daniela Zamora Hern\u00e1ndez y Christian Gael V\u00e1zquez Lucatero, ambos de octavo semestre de la Licenciatura en Derecho.<\/p>\n\n\n\n<p>Durante el evento, los estudiantes formaron parte de mesas de trabajo integradas por j\u00f3venes de distintas universidades.<\/p>\n\n\n\n<p>Cada grupo analiz\u00f3 una sentencia relevante y respondi\u00f3 preguntas que invitaban a reflexionar sobre su impacto en la sociedad.<\/p>\n\n\n\n<p>\u201cEn nuestra mesa abordamos la sentencia sobre paridad de g\u00e9nero, una de las m\u00e1s importantes porque demuestra c\u00f3mo, a pesar de los avances, a\u00fan existen rezagos en materia de igualdad\u201d, explic\u00f3 Wendy.<\/p>\n\n\n\n<p>\u201cEste tipo de an\u00e1lisis nos permite confirmar que las leyes y las resoluciones judiciales realmente contribuyen a proteger los derechos de las mujeres y garantizar su representaci\u00f3n en espacios de decisi\u00f3n\u201d.<\/p>\n\n\n\n<p>Aprendizaje m\u00e1s all\u00e1 del aula<\/p>\n\n\n\n<p>La estudiante destac\u00f3 que participar en este tipo de actividades fortalece la formaci\u00f3n jur\u00eddica y profesional, al permitir observar la aplicaci\u00f3n pr\u00e1ctica del derecho en casos reales.<\/p>\n\n\n\n<p>\u201cEn el aula te ense\u00f1an la teor\u00eda, pero al analizar una sentencia ves c\u00f3mo se aplica el derecho en la realidad. Eso te motiva a investigar m\u00e1s, a entender c\u00f3mo podr\u00edas influir en la mejora de la justicia\u201d, coment\u00f3.<\/p>\n\n\n\n<p>Adem\u00e1s, destac\u00f3 que la experiencia le permiti\u00f3 desarrollar habilidades como el an\u00e1lisis jur\u00eddico, la argumentaci\u00f3n, la oratoria y la empat\u00eda, al conocer los retos que enfrentan distintos grupos sociales.<\/p>\n\n\n\n<p>\u201cTe das cuenta de que hay muchos colectivos que, aunque est\u00e1n protegidos en la ley, siguen enfrentando barreras en la pr\u00e1ctica. Eso te impulsa a querer generar un cambio\u201d, expres\u00f3.<\/p>\n\n\n\n<p>Motivaci\u00f3n para otros estudiantes<\/p>\n\n\n\n<p>Finalmente, Wendy invit\u00f3 a otros estudiantes de Derecho a involucrarse en actividades como esta.<\/p>\n\n\n\n<p>\u201cA veces creemos que es m\u00e1s carga de trabajo, pero en realidad son experiencias que te enriquecen. Conoces personas, aprendes de otros contextos y puedes descubrir una rama del Derecho que te apasione. Es un plus personal y acad\u00e9mico\u201d, finaliz\u00f3.<\/p>\n","protected":false},"excerpt":{"rendered":"<p>Guadalajara, Jalisco, M\u00e9xico, Am\u00e9rica.- El Marat\u00f3n Escuchatorio 2025, titulado \u201cSentencias para la Historia\u201d, fue un&#8230;<\/p>\n","protected":false},"author":1,"featured_media":375898,"comment_status":"open","ping_status":"open","sticky":false,"template":"","format":"standard","meta":{"footnotes":""},"categories":[151],"tags":[],"class_list":["post-375897","post","type-post","status-publish","format-standard","has-post-thumbnail","hentry","category-espectaculos"],"gutentor_comment":0,"_links":{"self":[{"href":"https:\/\/www.elplaneta.mx\/index.php?rest_route=\/wp\/v2\/posts\/375897","targetHints":{"allow":["GET"]}}],"collection":[{"href":"https:\/\/www.elplaneta.mx\/index.php?rest_route=\/wp\/v2\/posts"}],"about":[{"href":"https:\/\/www.elplaneta.mx\/index.php?rest_route=\/wp\/v2\/types\/post"}],"author":[{"embeddable":true,"href":"https:\/\/www.elplaneta.mx\/index.php?rest_route=\/wp\/v2\/users\/1"}],"replies":[{"embeddable":true,"href":"https:\/\/www.elplaneta.mx\/index.php?rest_route=%2Fwp%2Fv2%2Fcomments&post=375897"}],"version-history":[{"count":1,"href":"https:\/\/www.elplaneta.mx\/index.php?rest_route=\/wp\/v2\/posts\/375897\/revisions"}],"predecessor-version":[{"id":375899,"href":"https:\/\/www.elplaneta.mx\/index.php?rest_route=\/wp\/v2\/posts\/375897\/revisions\/375899"}],"wp:featuredmedia":[{"embeddable":true,"href":"https:\/\/www.elplaneta.mx\/index.php?rest_route=\/wp\/v2\/media\/375898"}],"wp:attachment":[{"href":"https:\/\/www.elplaneta.mx\/index.php?rest_route=%2Fwp%2Fv2%2Fmedia&parent=375897"}],"wp:term":[{"taxonomy":"category","embeddable":true,"href":"https:\/\/www.elplaneta.mx\/index.php?rest_route=%2Fwp%2Fv2%2Fcategories&post=375897"},{"taxonomy":"post_tag","embeddable":true,"href":"https:\/\/www.elplaneta.mx\/index.php?rest_route=%2Fwp%2Fv2%2Ftags&post=375897"}],"curies":[{"name":"wp","href":"https:\/\/api.w.org\/{rel}","templated":true}]}}