{"id":376004,"date":"2025-11-19T12:18:31","date_gmt":"2025-11-19T18:18:31","guid":{"rendered":"https:\/\/www.elplaneta.mx\/?p=376004"},"modified":"2025-11-19T12:18:35","modified_gmt":"2025-11-19T18:18:35","slug":"protesta-en-la-primaria-bertha-castro-olazaran-de-victoria-primer-grado-sin-maestro","status":"publish","type":"post","link":"https:\/\/www.elplaneta.mx\/?p=376004","title":{"rendered":"Protesta en la Primaria &#8216;Bertha Castro Olazar\u00e1n&#8217; de Victoria, primer grado sin maestro"},"content":{"rendered":"<div class=\"wp-block-image\">\n<figure class=\"alignleft size-full\"><img loading=\"lazy\" decoding=\"async\" width=\"560\" height=\"357\" src=\"https:\/\/www.elplaneta.mx\/wp-content\/themes\/elplaneta\/FOTOS\/19V36496874755.jpg\" alt=\"\" class=\"wp-image-376005\" srcset=\"https:\/\/www.elplaneta.mx\/wp-content\/themes\/elplaneta\/FOTOS\/19V36496874755.jpg 560w, https:\/\/www.elplaneta.mx\/wp-content\/themes\/elplaneta\/FOTOS\/19V36496874755-300x191.jpg 300w\" sizes=\"auto, (max-width: 560px) 100vw, 560px\" \/><\/figure><\/div>\n\n\n<p>Ciudad Victoria, Tamaulipas, M\u00e9xico, Am\u00e9rica.- La falta de maestros en escuelas de educaci\u00f3n b\u00e1sica de Ciudad Victoria se ha vuelto un problema cotidiano. Este martes, padres de familia y estudiantes de la primaria &#8216;Bertha Castro Olazar\u00e1n&#8217;, en la colonia Las Brisas, cerraron el plantel para exigir a la Secretar\u00eda de Educaci\u00f3n de Tamaulipas (SET) la asignaci\u00f3n de un docente para un grupo de primer grado que lleva casi cuatro meses sin maestro.<\/p>\n\n\n\n<p>Los inconformes se\u00f1alaron que son 40 los alumnos afectados, quienes pr\u00e1cticamente han pasado el ciclo sin clases formales, lo que ha limitado su avance acad\u00e9mico. Adem\u00e1s, se indic\u00f3 que los menores tampoco reciben clases de ingl\u00e9s, ni de educaci\u00f3n f\u00edsica.<\/p>\n\n\n\n<p>La problem\u00e1tica se remonta a febrero, cuando se autoriz\u00f3 la apertura de un segundo grupo por el aumento de estudiantes provenientes del nivel preescolar; sin embargo, el maestro nunca fue asignado. Pese a los reportes enviados a la jefatura de sector, supervisi\u00f3n y subdirecci\u00f3n, aseguran que no han recibido respuesta por parte de la SET.<\/p>\n\n\n\n<p>En lo que va de noviembre, ya suman cuatro manifestaciones en escuelas de educaci\u00f3n b\u00e1sica de la ciudad, tres de ellas relacionadas con la falta de personal docente.<\/p>\n\n\n\n<p><\/p>\n","protected":false},"excerpt":{"rendered":"<p>Ciudad Victoria, Tamaulipas, M\u00e9xico, Am\u00e9rica.- La falta de maestros en escuelas de educaci\u00f3n b\u00e1sica de&#8230;<\/p>\n","protected":false},"author":1,"featured_media":376005,"comment_status":"open","ping_status":"open","sticky":false,"template":"","format":"standard","meta":{"footnotes":""},"categories":[20,150],"tags":[],"class_list":["post-376004","post","type-post","status-publish","format-standard","has-post-thumbnail","hentry","category-tamaulipas","category-victoria-2"],"gutentor_comment":0,"_links":{"self":[{"href":"https:\/\/www.elplaneta.mx\/index.php?rest_route=\/wp\/v2\/posts\/376004","targetHints":{"allow":["GET"]}}],"collection":[{"href":"https:\/\/www.elplaneta.mx\/index.php?rest_route=\/wp\/v2\/posts"}],"about":[{"href":"https:\/\/www.elplaneta.mx\/index.php?rest_route=\/wp\/v2\/types\/post"}],"author":[{"embeddable":true,"href":"https:\/\/www.elplaneta.mx\/index.php?rest_route=\/wp\/v2\/users\/1"}],"replies":[{"embeddable":true,"href":"https:\/\/www.elplaneta.mx\/index.php?rest_route=%2Fwp%2Fv2%2Fcomments&post=376004"}],"version-history":[{"count":1,"href":"https:\/\/www.elplaneta.mx\/index.php?rest_route=\/wp\/v2\/posts\/376004\/revisions"}],"predecessor-version":[{"id":376006,"href":"https:\/\/www.elplaneta.mx\/index.php?rest_route=\/wp\/v2\/posts\/376004\/revisions\/376006"}],"wp:featuredmedia":[{"embeddable":true,"href":"https:\/\/www.elplaneta.mx\/index.php?rest_route=\/wp\/v2\/media\/376005"}],"wp:attachment":[{"href":"https:\/\/www.elplaneta.mx\/index.php?rest_route=%2Fwp%2Fv2%2Fmedia&parent=376004"}],"wp:term":[{"taxonomy":"category","embeddable":true,"href":"https:\/\/www.elplaneta.mx\/index.php?rest_route=%2Fwp%2Fv2%2Fcategories&post=376004"},{"taxonomy":"post_tag","embeddable":true,"href":"https:\/\/www.elplaneta.mx\/index.php?rest_route=%2Fwp%2Fv2%2Ftags&post=376004"}],"curies":[{"name":"wp","href":"https:\/\/api.w.org\/{rel}","templated":true}]}}